{"id":306,"date":"2015-04-24T15:35:52","date_gmt":"2015-04-24T13:35:52","guid":{"rendered":"http:\/\/www.segunda-feira.de\/?p=306"},"modified":"2015-05-30T21:11:52","modified_gmt":"2015-05-30T19:11:52","slug":"3-wochen-brasilien","status":"publish","type":"post","link":"http:\/\/www.segunda-feira.de\/?p=306","title":{"rendered":"3 Wochen Brasilien"},"content":{"rendered":"<p>Das Wetter bedeutet f\u00fcr mich die gr\u00f6\u00dfte Umstellung. Als ich Deutschland verlie\u00df, lag die Temperatur in Lammersdorf bei 0 Grad und leichter Schnee zierte die Felder. Mein erster Eindruck am Flughafen in Brasilia war: dr\u00fcckend warm, aber nicht zu hei\u00df. Die H\u00f6chsttemperaturen in Brasilia pendeln ganzj\u00e4hrig zwischen 25 und 28, die Tiefsttemperaturen zwischen 13 und 18 Grad. Das klingt erst einmal moderat. Wenn die Sonne jedoch durch die Wolken bricht, ergibt dies gepaart mit der hohen Luftfeuchtigkeit eine dr\u00fcckende Hitze, der man gerne in Richtung Schatten entfliehen m\u00f6chte.<\/p>\n<p>Folglich stehe ich morgens immer zwischen 7 und 8 Uhr auf, um mit dem Hund spazieren zu gehen. Ab 9 Uhr l\u00f6sen sich die Wolken auf, und die Sonne brennt schwei\u00dftreibend auf einen herab. Sp\u00e4testens dann sehnt man sich nach Schatten und Abk\u00fchlung.<\/p>\n<p>Derzeit befinden wir uns am Ende der Regenzeit. Man vermutet, dass es in der Regenzeit h\u00e4ufig regnet. Stimmt, aber immer nur nachmittags, abends oder nachts. Dann aber wolkenbruchartig. Tags\u00fcber ist es immer heiter bis wolkig, und zumindest ich bin froh \u00fcber jede Wolke, die die Sonne verdeckt. Das macht den Tag planbar.<\/p>\n<p>Von den hohen Temperaturen profitiert insbesondere des Menschen gr\u00f6\u00dfter Konkurrent hinsichtlich der Eroberung von Lebensraum: die Insekten und mit ihnen die Spinnen. Sie sind praktisch \u00fcberall und ihre Gr\u00f6\u00dfe ist teilweise furchteinfl\u00f6\u00dfend. Am nervigsten sind nat\u00fcrlich die M\u00fccken. Zwar stechen sie fast immer nur in F\u00fc\u00dfe und Beine. Wenn man jedoch nicht aufpasst und sich nicht mit Repellent eingecremt hat, kann das schon einmal zu einer Orgie werden, nach der man sich tagelang die F\u00fc\u00dfe kratzt. In der Trockenzeit sollen die M\u00fcckenpopulation und die Luftfeuchtigkeit deutlich zur\u00fcckgehen. Allerdings soll es gegen Ende der Trockenzeit bei einer relativen Luftfeuchtigkeit von 10 Prozent so trocken werden, dass die Lippen rissig werden und man Nasenbluten bekommt. Ich lasse mich \u00fcberraschen.<\/p>\n<p>Die Menschen in Brasilia sind gr\u00f6\u00dftenteils sehr entspannt, wertsch\u00e4tzend und weltoffen. Zumindest in den Kreisen, in denen ich derzeit Kontakt habe. Doch in diesen Kreisen lebt man einen westlichen Lebensstil mit Besitzt\u00fcmern wie Haus und Auto und gilt als reich, denn so ein Lebensstil kostet ungef\u00e4hr so viel wie in Europa. Das durchschnittliche Pro-Kopf-Einkommen in Brasilien von 11.300 Dollar (Deutschland: 45.000 Dollar) deutet hingegen darauf hin, dass das Verm\u00f6gen sehr ungleich verteilt ist (Quelle: <a href=\"http:\/\/de.wikipedia.org\/wiki\/Liste_der_L%C3%A4nder_nach_Bruttoinlandsprodukt_pro_Kopf\" target=\"_blank\">Wikipedia<\/a>). Tats\u00e4chlich liegt der Gini-Koeffizient in Brasilien bei 0,59 (1 = alles Verm\u00f6gen in einer Hand, 0 = jeder verdient gleich viel; Vergleich Deutschland: 0,28) (Quelle: <a href=\"http:\/\/de.wikipedia.org\/wiki\/Liste_der_L%C3%A4nder_nach_Einkommensverteilung\" target=\"_blank\">Wikipedia<\/a>). Da verwundert es nicht, wenn junge Menschen der \u00e4rmeren Schicht die Verm\u00f6gensumverteilung selbst in die Hand nehmen. Die Mordrate (Morde pro 100.000 Einwohner) liegt in Brasilien bei 25,2 (Deutschland: 0,8) (Quelle: <a href=\"http:\/\/sicherheitspolitik.bpb.de\/datentabellen&amp;layer=m1_bpb_morde\" target=\"_blank\">Bundeszentrale f\u00fcr politische Bildung<\/a>). Die sozialen Gegens\u00e4tze und die Angst vor Raub\u00fcberf\u00e4llen sind im Alltag deutlich sp\u00fcrbar. Reiche Condominios, die von hohen Z\u00e4unen umgegeben sind und von privater Security rund um die Uhr bewacht werden, befinden sich zum Teil in direkter Nachbarschaft zu Armenvierteln. W\u00e4hrend man sich innerhalb der Condominio-Mauern Tag und Nacht frei bewegen kann, verh\u00e4lt man sich au\u00dferhalb sehr vorsichtig. Man h\u00e4lt sich vorwiegend an stark bev\u00f6lkerten Orten auf. Nachts ist man in der Stadt so gut wie gar nicht unterwegs.<\/p>\n<p>Die Sprache ist f\u00fcr mich ein gro\u00dfes Hindernis. Zwar sprechen viele Condominio-Bewohner Englisch oder sogar Deutsch, doch au\u00dferhalb kommt man mit Englisch kaum weiter. Ich lerne jeden Tag Vokabeln. Allerdings hilft mir das nicht bei der Aussprache. Ein Beispiel: Das portugiesische Wort f\u00fcr Auto hei\u00dft \u201ecarro\u201c. Deutsch ausgesprochen kann man es sich sehr gut merken. Doch ein doppeltes \u201er\u201c innerhalb eines Wortes wird wie ein stimmloses \u201eh\u201c ausgesprochen und ein \u201eo\u201c wie ein \u201eu\u201c. Und schon ist die Eselsbr\u00fccke mit der \u201eKarre\u201c futsch: \u201ecarro\u201c wird wie \u201ecahu\u201c ausgesprochen. Mein derzeitiges Portugiesisch reicht f\u00fcr einfache Konversationen zum Beispiel bei Eink\u00e4ufen. Ausdr\u00fccken kann ich mich noch lange nicht.<\/p>\n<p>Mein Tagesablauf besteht aus Hundespazierg\u00e4ngen, Blog schreiben, Portugiesisch lernen, Formalit\u00e4ten checken (Steuernummer beantragen, Auto ummelden, Termin bei der Immigrationspolizei etc.) und Eink\u00e4ufen. Mein Ziel ist es, recht bald firm in der Sprache zu werden. Wenn ich mit meinem derzeitigen Online-Sprachkurs fertig bin, \u00fcberlege ich, einen Kurs an der Uni in Brasilia zu belegen.<\/p>\n<p>Ich w\u00fcnsche meinen wohlgesonnen Leserinnen und Lesern ein sch\u00f6nes Wochenende!<\/p>\n","protected":false},"excerpt":{"rendered":"<p>Das Wetter bedeutet f\u00fcr mich die gr\u00f6\u00dfte Umstellung. Als ich Deutschland verlie\u00df, lag die Temperatur in Lammersdorf bei 0 Grad und leichter Schnee zierte die Felder. Mein erster Eindruck am Flughafen in Brasilia war: dr\u00fcckend warm, aber nicht zu hei\u00df. &hellip; <a href=\"http:\/\/www.segunda-feira.de\/?p=306\">Weiterlesen <span class=\"meta-nav\">&rarr;<\/span><\/a><\/p>\n","protected":false},"author":1,"featured_media":0,"comment_status":"open","ping_status":"open","sticky":false,"template":"","format":"standard","meta":{"jetpack_post_was_ever_published":false,"_jetpack_newsletter_access":"","_jetpack_dont_email_post_to_subs":false,"_jetpack_newsletter_tier_id":0,"_jetpack_memberships_contains_paywalled_content":false,"_jetpack_memberships_contains_paid_content":false,"footnotes":"","jetpack_publicize_message":"3 Wochen Brasilien http:\/\/wp.me\/p64WYd-4W","jetpack_publicize_feature_enabled":true,"jetpack_social_post_already_shared":true,"jetpack_social_options":{"image_generator_settings":{"template":"highway","default_image_id":0,"font":"","enabled":false},"version":2}},"categories":[1,15],"tags":[],"class_list":["post-306","post","type-post","status-publish","format-standard","hentry","category-allgemein","category-alltag"],"jetpack_publicize_connections":[],"jetpack_featured_media_url":"","jetpack_sharing_enabled":true,"jetpack_shortlink":"https:\/\/wp.me\/p64WYd-4W","jetpack_likes_enabled":true,"_links":{"self":[{"href":"http:\/\/www.segunda-feira.de\/index.php?rest_route=\/wp\/v2\/posts\/306","targetHints":{"allow":["GET"]}}],"collection":[{"href":"http:\/\/www.segunda-feira.de\/index.php?rest_route=\/wp\/v2\/posts"}],"about":[{"href":"http:\/\/www.segunda-feira.de\/index.php?rest_route=\/wp\/v2\/types\/post"}],"author":[{"embeddable":true,"href":"http:\/\/www.segunda-feira.de\/index.php?rest_route=\/wp\/v2\/users\/1"}],"replies":[{"embeddable":true,"href":"http:\/\/www.segunda-feira.de\/index.php?rest_route=%2Fwp%2Fv2%2Fcomments&post=306"}],"version-history":[{"count":3,"href":"http:\/\/www.segunda-feira.de\/index.php?rest_route=\/wp\/v2\/posts\/306\/revisions"}],"predecessor-version":[{"id":312,"href":"http:\/\/www.segunda-feira.de\/index.php?rest_route=\/wp\/v2\/posts\/306\/revisions\/312"}],"wp:attachment":[{"href":"http:\/\/www.segunda-feira.de\/index.php?rest_route=%2Fwp%2Fv2%2Fmedia&parent=306"}],"wp:term":[{"taxonomy":"category","embeddable":true,"href":"http:\/\/www.segunda-feira.de\/index.php?rest_route=%2Fwp%2Fv2%2Fcategories&post=306"},{"taxonomy":"post_tag","embeddable":true,"href":"http:\/\/www.segunda-feira.de\/index.php?rest_route=%2Fwp%2Fv2%2Ftags&post=306"}],"curies":[{"name":"wp","href":"https:\/\/api.w.org\/{rel}","templated":true}]}}