{"id":314,"date":"2015-04-26T22:55:06","date_gmt":"2015-04-26T20:55:06","guid":{"rendered":"http:\/\/www.segunda-feira.de\/?p=314"},"modified":"2015-05-30T21:10:29","modified_gmt":"2015-05-30T19:10:29","slug":"400-km-fuer-eine-erkenntis","status":"publish","type":"post","link":"http:\/\/www.segunda-feira.de\/?p=314","title":{"rendered":"400 km f\u00fcr eine Erkenntis"},"content":{"rendered":"<p>Am Samstag machten wir uns auf die Suche nach einem <a href=\"https:\/\/maps.google.de\/maps?q=-16.235028,-47.010912&amp;t=h\" target=\"_blank\">Kletterfelsen <\/a>im S\u00fcdosten von Brasilia kurz vor der Stadt Unai. Zu Beginn t\u00e4tigten wir noch einen stilvollen Einkauf in unserem Stammsupermarkt &#8222;Das heilige Gl\u00fccklichsein&#8220;.<\/p>\n<p><a href=\"http:\/\/www.segunda-feira.de\/wp-content\/uploads\/2015\/04\/Kaufmann.jpg\"><img loading=\"lazy\" decoding=\"async\" class=\"alignnone  wp-image-322\" src=\"http:\/\/www.segunda-feira.de\/wp-content\/uploads\/2015\/04\/Kaufmann-300x200.jpg\" alt=\"Kaufmann\" width=\"270\" height=\"184\" \/><\/a><a href=\"http:\/\/www.segunda-feira.de\/wp-content\/uploads\/2015\/04\/Automann.jpg\"><img loading=\"lazy\" decoding=\"async\" class=\"alignnone  wp-image-324\" src=\"http:\/\/www.segunda-feira.de\/wp-content\/uploads\/2015\/04\/Automann-300x193.jpg\" alt=\"Automann\" width=\"270\" height=\"178\" \/><\/a><\/p>\n<p>Auf endlos lang wirkenden Stra\u00dfen, die uns an S\u00fcdrussland und Kasachstan erinnerten, ging es vorbei an riesigen landwirtschaftlichen Produktionsst\u00e4tten.<\/p>\n<p><a href=\"http:\/\/www.segunda-feira.de\/wp-content\/uploads\/2015\/04\/Highway02.jpg\"><img loading=\"lazy\" decoding=\"async\" class=\"alignnone  wp-image-319\" src=\"http:\/\/www.segunda-feira.de\/wp-content\/uploads\/2015\/04\/Highway02-300x195.jpg\" alt=\"Highway02\" width=\"270\" height=\"179\" \/><\/a><a href=\"http:\/\/www.segunda-feira.de\/wp-content\/uploads\/2015\/04\/Highway01.jpg\"><img loading=\"lazy\" decoding=\"async\" class=\"alignnone  wp-image-318\" src=\"http:\/\/www.segunda-feira.de\/wp-content\/uploads\/2015\/04\/Highway01-300x181.jpg\" alt=\"Highway01\" width=\"270\" height=\"167\" \/><\/a> <a href=\"http:\/\/www.segunda-feira.de\/wp-content\/uploads\/2015\/04\/Grossgrund.jpg\"><img loading=\"lazy\" decoding=\"async\" class=\"alignnone  wp-image-317\" src=\"http:\/\/www.segunda-feira.de\/wp-content\/uploads\/2015\/04\/Grossgrund-300x200.jpg\" alt=\"Grossgrund\" width=\"270\" height=\"184\" \/><\/a><a href=\"http:\/\/www.segunda-feira.de\/wp-content\/uploads\/2015\/04\/Kornkammer.jpg\"><img loading=\"lazy\" decoding=\"async\" class=\"alignnone  wp-image-320\" src=\"http:\/\/www.segunda-feira.de\/wp-content\/uploads\/2015\/04\/Kornkammer-300x193.jpg\" alt=\"Kornkammer\" width=\"270\" height=\"178\" \/><\/a><\/p>\n<p>Nach 150 Kilometern wurden die Landschaft h\u00fcgeliger und die Stra\u00dfen kurviger.<\/p>\n<p><a href=\"http:\/\/www.segunda-feira.de\/wp-content\/uploads\/2015\/04\/Highway03.jpg\"><img loading=\"lazy\" decoding=\"async\" class=\"alignnone  wp-image-325\" src=\"http:\/\/www.segunda-feira.de\/wp-content\/uploads\/2015\/04\/Highway03-300x200.jpg\" alt=\"Highway03\" width=\"270\" height=\"184\" \/><\/a><\/p>\n<p>Die letzten Kilometer zu dem Felsen erfolgten auf einer Nebenstra\u00dfe, f\u00fcr die unser Auto gebaut war. Nur ein Subaru Impreza oder ein Mitsubishi Evo k\u00f6nnten hier mithalten. Auf dem Film erkennt man das Problem f\u00fcr Autoreisende in Brasilien: Alle Nebenstra\u00dfen f\u00fchren zu einer Fazenda, das hei\u00dft entlang eingez\u00e4unter Felder zu einer Barriere.<\/p>\n<p><iframe loading=\"lazy\" src=\"http:\/\/www.youtube.com\/embed\/O-s8zIewtnA?rel=0&amp;modestbranding=1\" width=\"560\" height=\"315\" frameborder=\"0\" allowfullscreen=\"allowfullscreen\"><\/iframe><\/p>\n<p>Der Fels an sich war sehr beeindruckend. Man konnte eindeutig erkennen, dass er extra f\u00fcr die Kletterei erschaffen wurde.<\/p>\n<p><a href=\"http:\/\/www.segunda-feira.de\/wp-content\/uploads\/2015\/04\/Bigrock01.jpg\"><img loading=\"lazy\" decoding=\"async\" class=\"alignnone  wp-image-329\" src=\"http:\/\/www.segunda-feira.de\/wp-content\/uploads\/2015\/04\/Bigrock01-300x192.jpg\" alt=\"Bigrock01\" width=\"270\" height=\"177\" \/><\/a><a href=\"http:\/\/www.segunda-feira.de\/wp-content\/uploads\/2015\/04\/Bigrock03.jpg\"><img loading=\"lazy\" decoding=\"async\" class=\"alignnone  wp-image-331\" src=\"http:\/\/www.segunda-feira.de\/wp-content\/uploads\/2015\/04\/Bigrock03-300x225.jpg\" alt=\"Bigrock03\" width=\"270\" height=\"206\" \/><\/a><\/p>\n<p>Sch\u00f6n und gut, doch die Vegetation vor dem Felsen war so dicht, dass wir noch nicht einmal bis zum Felsen vordringen konnten. Daf\u00fcr war das Dickicht sehr beeindruckend.<\/p>\n<p><a href=\"http:\/\/www.segunda-feira.de\/wp-content\/uploads\/2015\/04\/Baumgegenfels01.jpg\"><img loading=\"lazy\" decoding=\"async\" class=\"alignnone  wp-image-327\" src=\"http:\/\/www.segunda-feira.de\/wp-content\/uploads\/2015\/04\/Baumgegenfels01-300x225.jpg\" alt=\"Baumgegenfels01\" width=\"270\" height=\"206\" \/><\/a><a href=\"http:\/\/www.segunda-feira.de\/wp-content\/uploads\/2015\/04\/Baumgegenfels02.jpg\"><img loading=\"lazy\" decoding=\"async\" class=\"alignnone  wp-image-328\" src=\"http:\/\/www.segunda-feira.de\/wp-content\/uploads\/2015\/04\/Baumgegenfels02-300x225.jpg\" alt=\"Baumgegenfels02\" width=\"270\" height=\"205\" \/><\/a><\/p>\n<p>Hinzu kamen die \u00fcblichen Brasilienprobleme: viel zu hei\u00df, \u00fcberall M\u00fccken und alles eingez\u00e4unt. Zumindest nutzten wir die Szenerie f\u00fcr ein paar schicke Autobilder.<\/p>\n<p><a href=\"http:\/\/www.segunda-feira.de\/wp-content\/uploads\/2015\/04\/DasrichtigeAutofuerdieseStrassen01.jpg\"><img loading=\"lazy\" decoding=\"async\" class=\"alignnone  wp-image-332\" src=\"http:\/\/www.segunda-feira.de\/wp-content\/uploads\/2015\/04\/DasrichtigeAutofuerdieseStrassen01-300x200.jpg\" alt=\"DasrichtigeAutofuerdieseStrassen01\" width=\"270\" height=\"184\" \/><\/a><a href=\"http:\/\/www.segunda-feira.de\/wp-content\/uploads\/2015\/04\/DasrichtigeAutofuerdieseStrassen02.jpg\"><img loading=\"lazy\" decoding=\"async\" class=\"alignnone  wp-image-333\" src=\"http:\/\/www.segunda-feira.de\/wp-content\/uploads\/2015\/04\/DasrichtigeAutofuerdieseStrassen02-300x200.jpg\" alt=\"DasrichtigeAutofuerdieseStrassen02\" width=\"270\" height=\"184\" \/><\/a><\/p>\n<p>Da es schon 16.00 Uhr war, beschlossen wir einen Nachtplatz zu suchen. Um Punkt 18.00 Uhr macht hier einer jeden Tag das Licht aus. Die Umsetzung dieses Vorhabens war jedoch aufgrund oben genannter Problematik der Z\u00e4une und Barrieren schwieriger als gedacht.<\/p>\n<p>Wir \u00fcbernachteten an einem <a href=\"https:\/\/maps.google.de\/maps?q=-16.036933, -47.312845&amp;t=h\" target=\"_blank\">See <\/a>auf einem Umweg zur\u00fcck nach Brasilia. Auf dem Weg dorthin \u00e4nderte sich der Stra\u00dfenbelag von Asphalt zu Lehm.<\/p>\n<p><a href=\"http:\/\/www.segunda-feira.de\/wp-content\/uploads\/2015\/04\/Vonnunanlehm.jpg\"><img loading=\"lazy\" decoding=\"async\" class=\"alignnone  wp-image-336\" src=\"http:\/\/www.segunda-feira.de\/wp-content\/uploads\/2015\/04\/Vonnunanlehm-300x193.jpg\" alt=\"Vonnunanlehm\" width=\"270\" height=\"178\" \/><\/a><a href=\"http:\/\/www.segunda-feira.de\/wp-content\/uploads\/2015\/04\/Gutereise.jpg\"><img loading=\"lazy\" decoding=\"async\" class=\"alignnone  wp-image-335\" src=\"http:\/\/www.segunda-feira.de\/wp-content\/uploads\/2015\/04\/Gutereise-300x180.jpg\" alt=\"Gutereise\" width=\"270\" height=\"166\" \/><\/a><\/p>\n<p>Aufgrund der M\u00fcckenproblematik verlie\u00dfen wir unseren Nachtplatz in der Morgend\u00e4mmerung eher fluchtartig. Jetzt wissen wir wenigstens, wie wir den Wagen verbessern m\u00fcssen: Moskitonetze f\u00fcr die Fenster!<\/p>\n","protected":false},"excerpt":{"rendered":"<p>Am Samstag machten wir uns auf die Suche nach einem Kletterfelsen im S\u00fcdosten von Brasilia kurz vor der Stadt Unai. Zu Beginn t\u00e4tigten wir noch einen stilvollen Einkauf in unserem Stammsupermarkt &#8222;Das heilige Gl\u00fccklichsein&#8220;. Auf endlos lang wirkenden Stra\u00dfen, die &hellip; <a href=\"http:\/\/www.segunda-feira.de\/?p=314\">Weiterlesen <span class=\"meta-nav\">&rarr;<\/span><\/a><\/p>\n","protected":false},"author":1,"featured_media":0,"comment_status":"open","ping_status":"open","sticky":false,"template":"","format":"standard","meta":{"jetpack_post_was_ever_published":false,"_jetpack_newsletter_access":"","_jetpack_dont_email_post_to_subs":false,"_jetpack_newsletter_tier_id":0,"_jetpack_memberships_contains_paywalled_content":false,"_jetpack_memberships_contains_paid_content":false,"footnotes":"","jetpack_publicize_message":"400 km f\u00fcr eine Erkenntis http:\/\/wp.me\/p64WYd-54","jetpack_publicize_feature_enabled":true,"jetpack_social_post_already_shared":true,"jetpack_social_options":{"image_generator_settings":{"template":"highway","default_image_id":0,"font":"","enabled":false},"version":2}},"categories":[1,9],"tags":[],"class_list":["post-314","post","type-post","status-publish","format-standard","hentry","category-allgemein","category-reise-entdeckungen"],"jetpack_publicize_connections":[],"jetpack_featured_media_url":"","jetpack_sharing_enabled":true,"jetpack_shortlink":"https:\/\/wp.me\/p64WYd-54","jetpack_likes_enabled":true,"_links":{"self":[{"href":"http:\/\/www.segunda-feira.de\/index.php?rest_route=\/wp\/v2\/posts\/314","targetHints":{"allow":["GET"]}}],"collection":[{"href":"http:\/\/www.segunda-feira.de\/index.php?rest_route=\/wp\/v2\/posts"}],"about":[{"href":"http:\/\/www.segunda-feira.de\/index.php?rest_route=\/wp\/v2\/types\/post"}],"author":[{"embeddable":true,"href":"http:\/\/www.segunda-feira.de\/index.php?rest_route=\/wp\/v2\/users\/1"}],"replies":[{"embeddable":true,"href":"http:\/\/www.segunda-feira.de\/index.php?rest_route=%2Fwp%2Fv2%2Fcomments&post=314"}],"version-history":[{"count":13,"href":"http:\/\/www.segunda-feira.de\/index.php?rest_route=\/wp\/v2\/posts\/314\/revisions"}],"predecessor-version":[{"id":519,"href":"http:\/\/www.segunda-feira.de\/index.php?rest_route=\/wp\/v2\/posts\/314\/revisions\/519"}],"wp:attachment":[{"href":"http:\/\/www.segunda-feira.de\/index.php?rest_route=%2Fwp%2Fv2%2Fmedia&parent=314"}],"wp:term":[{"taxonomy":"category","embeddable":true,"href":"http:\/\/www.segunda-feira.de\/index.php?rest_route=%2Fwp%2Fv2%2Fcategories&post=314"},{"taxonomy":"post_tag","embeddable":true,"href":"http:\/\/www.segunda-feira.de\/index.php?rest_route=%2Fwp%2Fv2%2Ftags&post=314"}],"curies":[{"name":"wp","href":"https:\/\/api.w.org\/{rel}","templated":true}]}}