{"id":400,"date":"2015-05-04T02:32:28","date_gmt":"2015-05-04T00:32:28","guid":{"rendered":"http:\/\/www.segunda-feira.de\/?p=400"},"modified":"2015-05-30T21:00:58","modified_gmt":"2015-05-30T19:00:58","slug":"mondscheinspaziergang","status":"publish","type":"post","link":"http:\/\/www.segunda-feira.de\/?p=400","title":{"rendered":"Mondscheinspaziergang"},"content":{"rendered":"<p><a href=\"http:\/\/www.segunda-feira.de\/wp-content\/uploads\/2015\/05\/Mondschein.jpg\"><img loading=\"lazy\" decoding=\"async\" class=\"alignnone size-large wp-image-403\" src=\"http:\/\/www.segunda-feira.de\/wp-content\/uploads\/2015\/05\/Mondschein-1024x614.jpg\" alt=\"Mondschein\" width=\"584\" height=\"350\" srcset=\"http:\/\/www.segunda-feira.de\/wp-content\/uploads\/2015\/05\/Mondschein.jpg 1024w, http:\/\/www.segunda-feira.de\/wp-content\/uploads\/2015\/05\/Mondschein-300x180.jpg 300w, http:\/\/www.segunda-feira.de\/wp-content\/uploads\/2015\/05\/Mondschein-500x300.jpg 500w\" sizes=\"auto, (max-width: 584px) 100vw, 584px\" \/><\/a><\/p>\n<p>Der Mond schien heut so helle<br \/>\nDa ging ich auf die Schnelle<br \/>\nF\u00fcr ein kleines St\u00fcndchen<br \/>\nEine Runde mit dem H\u00fcndchen<\/p>\n<p>Wo ich tritt und schritt<br \/>\nFleuchte hin und her<br \/>\nDer Feierabendverkehr<\/p>\n<p><iframe loading=\"lazy\" src=\"http:\/\/www.youtube.com\/embed\/PsqLQfob5Hk?rel=0&amp;modestbranding=1\" width=\"560\" height=\"315\" frameborder=\"0\" allowfullscreen=\"allowfullscreen\"><\/iframe><\/p>\n<p>Auch vor der Schlange<br \/>\nWar mir nicht bange<\/p>\n<p><iframe loading=\"lazy\" src=\"http:\/\/www.youtube.com\/embed\/CS2HCPLpQfg?rel=0&amp;modestbranding=1\" width=\"560\" height=\"315\" frameborder=\"0\" allowfullscreen=\"allowfullscreen\"><\/iframe><\/p>\n<p>Vor dieser aber dann doch&#8230;<\/p>\n<p><iframe loading=\"lazy\" src=\"http:\/\/www.youtube.com\/embed\/YkKCR5CXOjU?rel=0&amp;modestbranding=1\" width=\"560\" height=\"315\" frameborder=\"0\" allowfullscreen=\"allowfullscreen\"><\/iframe><\/p>\n","protected":false},"excerpt":{"rendered":"<p>Der Mond schien heut so helle Da ging ich auf die Schnelle F\u00fcr ein kleines St\u00fcndchen Eine Runde mit dem H\u00fcndchen Wo ich tritt und schritt Fleuchte hin und her Der Feierabendverkehr Auch vor der Schlange War mir nicht bange &hellip; <a href=\"http:\/\/www.segunda-feira.de\/?p=400\">Weiterlesen <span class=\"meta-nav\">&rarr;<\/span><\/a><\/p>\n","protected":false},"author":1,"featured_media":0,"comment_status":"open","ping_status":"open","sticky":false,"template":"","format":"standard","meta":{"jetpack_post_was_ever_published":false,"_jetpack_newsletter_access":"","_jetpack_dont_email_post_to_subs":false,"_jetpack_newsletter_tier_id":0,"_jetpack_memberships_contains_paywalled_content":false,"_jetpack_memberships_contains_paid_content":false,"footnotes":"","jetpack_publicize_message":"","jetpack_publicize_feature_enabled":true,"jetpack_social_post_already_shared":true,"jetpack_social_options":{"image_generator_settings":{"template":"highway","default_image_id":0,"font":"","enabled":false},"version":2}},"categories":[1,8],"tags":[],"class_list":["post-400","post","type-post","status-publish","format-standard","hentry","category-allgemein","category-wildlife"],"jetpack_publicize_connections":[],"jetpack_featured_media_url":"","jetpack_sharing_enabled":true,"jetpack_shortlink":"https:\/\/wp.me\/p64WYd-6s","jetpack_likes_enabled":true,"_links":{"self":[{"href":"http:\/\/www.segunda-feira.de\/index.php?rest_route=\/wp\/v2\/posts\/400","targetHints":{"allow":["GET"]}}],"collection":[{"href":"http:\/\/www.segunda-feira.de\/index.php?rest_route=\/wp\/v2\/posts"}],"about":[{"href":"http:\/\/www.segunda-feira.de\/index.php?rest_route=\/wp\/v2\/types\/post"}],"author":[{"embeddable":true,"href":"http:\/\/www.segunda-feira.de\/index.php?rest_route=\/wp\/v2\/users\/1"}],"replies":[{"embeddable":true,"href":"http:\/\/www.segunda-feira.de\/index.php?rest_route=%2Fwp%2Fv2%2Fcomments&post=400"}],"version-history":[{"count":6,"href":"http:\/\/www.segunda-feira.de\/index.php?rest_route=\/wp\/v2\/posts\/400\/revisions"}],"predecessor-version":[{"id":584,"href":"http:\/\/www.segunda-feira.de\/index.php?rest_route=\/wp\/v2\/posts\/400\/revisions\/584"}],"wp:attachment":[{"href":"http:\/\/www.segunda-feira.de\/index.php?rest_route=%2Fwp%2Fv2%2Fmedia&parent=400"}],"wp:term":[{"taxonomy":"category","embeddable":true,"href":"http:\/\/www.segunda-feira.de\/index.php?rest_route=%2Fwp%2Fv2%2Fcategories&post=400"},{"taxonomy":"post_tag","embeddable":true,"href":"http:\/\/www.segunda-feira.de\/index.php?rest_route=%2Fwp%2Fv2%2Ftags&post=400"}],"curies":[{"name":"wp","href":"https:\/\/api.w.org\/{rel}","templated":true}]}}