{"id":430,"date":"2015-05-09T05:57:08","date_gmt":"2015-05-09T03:57:08","guid":{"rendered":"http:\/\/www.segunda-feira.de\/?p=430"},"modified":"2015-05-30T20:59:16","modified_gmt":"2015-05-30T18:59:16","slug":"einmal-quer-durch-die-hauptstadt-brasiliens","status":"publish","type":"post","link":"http:\/\/www.segunda-feira.de\/?p=430","title":{"rendered":"Einmal quer durch die Hauptstadt Brasiliens"},"content":{"rendered":"<p>Ein kleines Filmchen \u00fcber die N\u00f6te eines Baumarktabh\u00e4ngigen in der Hauptstadt Brasiliens. W\u00e4hrend sich bei uns mittlerweile quasi an jeder Ecke ein Supermarkt f\u00fcr Hobbyschrauber manifestiert hat, muss man hier etwas Zeit und Geduld mitbringen, um zum lokalen Werkzeugdealer zu kommen.<\/p>\n<p>Die Fahrt geht \u00fcber die <a href=\"http:\/\/de.wikipedia.org\/wiki\/Juscelino-Kubitschek-Br%C3%BCcke\" target=\"_blank\">JK-Br\u00fccke<\/a> und die Hauptachse des <a href=\"http:\/\/de.wikipedia.org\/wiki\/Bras%C3%ADlia#Geschichte\" target=\"_blank\">Plano Piloto<\/a>.<\/p>\n<p><a href=\"http:\/\/www.segunda-feira.de\/wp-content\/uploads\/2015\/05\/Route.jpg\"><img loading=\"lazy\" decoding=\"async\" class=\"alignnone size-full wp-image-431\" src=\"http:\/\/www.segunda-feira.de\/wp-content\/uploads\/2015\/05\/Route.jpg\" alt=\"Route\" width=\"744\" height=\"512\" srcset=\"http:\/\/www.segunda-feira.de\/wp-content\/uploads\/2015\/05\/Route.jpg 744w, http:\/\/www.segunda-feira.de\/wp-content\/uploads\/2015\/05\/Route-300x206.jpg 300w, http:\/\/www.segunda-feira.de\/wp-content\/uploads\/2015\/05\/Route-436x300.jpg 436w\" sizes=\"auto, (max-width: 744px) 100vw, 744px\" \/><\/a><\/p>\n<p><iframe loading=\"lazy\" src=\"http:\/\/www.youtube.com\/embed\/CRmAwmMGVRc?rel=0&amp;modestbranding=1\" width=\"560\" height=\"315\" frameborder=\"0\" allowfullscreen=\"allowfullscreen\"><\/iframe><\/p>\n<p>Mithilfe modernster Technologie konnte ich die Fahrtzeit von 52 Minuten auf genau ein Sechszehntel reduzieren, damit beim Betrachten keine Langeweile aufkommt.<\/p>\n","protected":false},"excerpt":{"rendered":"<p>Ein kleines Filmchen \u00fcber die N\u00f6te eines Baumarktabh\u00e4ngigen in der Hauptstadt Brasiliens. W\u00e4hrend sich bei uns mittlerweile quasi an jeder Ecke ein Supermarkt f\u00fcr Hobbyschrauber manifestiert hat, muss man hier etwas Zeit und Geduld mitbringen, um zum lokalen Werkzeugdealer zu &hellip; <a href=\"http:\/\/www.segunda-feira.de\/?p=430\">Weiterlesen <span class=\"meta-nav\">&rarr;<\/span><\/a><\/p>\n","protected":false},"author":1,"featured_media":0,"comment_status":"open","ping_status":"open","sticky":false,"template":"","format":"standard","meta":{"jetpack_post_was_ever_published":false,"_jetpack_newsletter_access":"","_jetpack_dont_email_post_to_subs":false,"_jetpack_newsletter_tier_id":0,"_jetpack_memberships_contains_paywalled_content":false,"_jetpack_memberships_contains_paid_content":false,"footnotes":"","jetpack_publicize_message":"","jetpack_publicize_feature_enabled":true,"jetpack_social_post_already_shared":true,"jetpack_social_options":{"image_generator_settings":{"template":"highway","default_image_id":0,"font":"","enabled":false},"version":2}},"categories":[1,9],"tags":[],"class_list":["post-430","post","type-post","status-publish","format-standard","hentry","category-allgemein","category-reise-entdeckungen"],"jetpack_publicize_connections":[],"jetpack_featured_media_url":"","jetpack_sharing_enabled":true,"jetpack_shortlink":"https:\/\/wp.me\/p64WYd-6W","jetpack_likes_enabled":true,"_links":{"self":[{"href":"http:\/\/www.segunda-feira.de\/index.php?rest_route=\/wp\/v2\/posts\/430","targetHints":{"allow":["GET"]}}],"collection":[{"href":"http:\/\/www.segunda-feira.de\/index.php?rest_route=\/wp\/v2\/posts"}],"about":[{"href":"http:\/\/www.segunda-feira.de\/index.php?rest_route=\/wp\/v2\/types\/post"}],"author":[{"embeddable":true,"href":"http:\/\/www.segunda-feira.de\/index.php?rest_route=\/wp\/v2\/users\/1"}],"replies":[{"embeddable":true,"href":"http:\/\/www.segunda-feira.de\/index.php?rest_route=%2Fwp%2Fv2%2Fcomments&post=430"}],"version-history":[{"count":8,"href":"http:\/\/www.segunda-feira.de\/index.php?rest_route=\/wp\/v2\/posts\/430\/revisions"}],"predecessor-version":[{"id":434,"href":"http:\/\/www.segunda-feira.de\/index.php?rest_route=\/wp\/v2\/posts\/430\/revisions\/434"}],"wp:attachment":[{"href":"http:\/\/www.segunda-feira.de\/index.php?rest_route=%2Fwp%2Fv2%2Fmedia&parent=430"}],"wp:term":[{"taxonomy":"category","embeddable":true,"href":"http:\/\/www.segunda-feira.de\/index.php?rest_route=%2Fwp%2Fv2%2Fcategories&post=430"},{"taxonomy":"post_tag","embeddable":true,"href":"http:\/\/www.segunda-feira.de\/index.php?rest_route=%2Fwp%2Fv2%2Ftags&post=430"}],"curies":[{"name":"wp","href":"https:\/\/api.w.org\/{rel}","templated":true}]}}