{"id":505,"date":"2015-05-23T20:04:06","date_gmt":"2015-05-23T18:04:06","guid":{"rendered":"http:\/\/www.segunda-feira.de\/?p=505"},"modified":"2015-05-30T20:48:41","modified_gmt":"2015-05-30T18:48:41","slug":"so-einen-vorgarten-habe-ich-mir-schon-immer-gewuenscht","status":"publish","type":"post","link":"http:\/\/www.segunda-feira.de\/?p=505","title":{"rendered":"So einen Vorgarten habe ich mir schon immer gew\u00fcnscht"},"content":{"rendered":"<p>Ich liebe die Seca! &#8222;Seca&#8220; &#8211; so nennen die Brasilianer die Trockenzeit. Der letzte Regen ist vor genau 12 Tagen gefallen. Die Luft ist deutlich trockener geworden, und es weht best\u00e4ndig ein leichter Wind. Die Temperaturen pendeln zwischen 17 Grad nachts und 24 Grad tags\u00fcber. Die Leute hier sagen, es sei k\u00fchl, und sie tragen lange \u00c4rmel und Hosen und ziehen sich sogar Strickjacken dar\u00fcber an. F\u00fcr Menschen wie Sylvia und mich, die zwei Jahre in der Eifel gelebt haben, ist hier jedoch jeder Tag ein astreiner Sommertag.<\/p>\n<p>Gestern Abend sind wir mit Zelt und Schlafs\u00e4cken losgewandert und haben auf einer Anh\u00f6he \u00fcbernachtet.<\/p>\n<div class='polaroid-gallery galleryid-505' style='width:auto;'>\n\t\t\t<a href=\"http:\/\/www.segunda-feira.de\/wp-content\/uploads\/2015\/05\/Nebel-des-Grauens-Teil-1-1024x614.jpg\" title=\"Nebel des Grauens Teil 1\" rel=\"polaroid_1532577386\" class=\"polaroid-gallery-item showcaption\"><span class=\"polaroid-gallery-image\" title=\"\" style=\"background-image: url(http:\/\/www.segunda-feira.de\/wp-content\/uploads\/2015\/05\/Nebel-des-Grauens-Teil-1-150x150.jpg); width: 140px; height: 140px;\"><\/span><\/a>\n\t\t\t<a href=\"http:\/\/www.segunda-feira.de\/wp-content\/uploads\/2015\/05\/Nebel-des-Grauens-Teil-2-1024x614.jpg\" title=\"Nebel des Grauens Teil 2\" rel=\"polaroid_1532577386\" class=\"polaroid-gallery-item showcaption\"><span class=\"polaroid-gallery-image\" title=\"\" style=\"background-image: url(http:\/\/www.segunda-feira.de\/wp-content\/uploads\/2015\/05\/Nebel-des-Grauens-Teil-2-150x150.jpg); width: 140px; height: 140px;\"><\/span><\/a>\n\t\t\t<a href=\"http:\/\/www.segunda-feira.de\/wp-content\/uploads\/2015\/05\/Noch-ein-ganz-kleines-St\u00fcck-1024x614.jpg\" title=\"Noch ein ganz kleines St\u00fcck\" rel=\"polaroid_1532577386\" class=\"polaroid-gallery-item showcaption\"><span class=\"polaroid-gallery-image\" title=\"\" style=\"background-image: url(http:\/\/www.segunda-feira.de\/wp-content\/uploads\/2015\/05\/Noch-ein-ganz-kleines-St\u00fcck-150x150.jpg); width: 140px; height: 140px;\"><\/span><\/a>\n\t\t\t<a href=\"http:\/\/www.segunda-feira.de\/wp-content\/uploads\/2015\/05\/Jetzt-isse-da-1024x614.jpg\" title=\"Jetzt isse da\" rel=\"polaroid_1532577386\" class=\"polaroid-gallery-item showcaption\"><span class=\"polaroid-gallery-image\" title=\"\" style=\"background-image: url(http:\/\/www.segunda-feira.de\/wp-content\/uploads\/2015\/05\/Jetzt-isse-da-150x150.jpg); width: 140px; height: 140px;\"><\/span><\/a>\n\t\t\t<a href=\"http:\/\/www.segunda-feira.de\/wp-content\/uploads\/2015\/05\/Zelten-im-Outback-1024x614.jpg\" title=\"Zelten im Outback\" rel=\"polaroid_1532577386\" class=\"polaroid-gallery-item showcaption\"><span class=\"polaroid-gallery-image\" title=\"\" style=\"background-image: url(http:\/\/www.segunda-feira.de\/wp-content\/uploads\/2015\/05\/Zelten-im-Outback-150x150.jpg); width: 140px; height: 140px;\"><\/span><\/a>\n\t\t\t<a href=\"http:\/\/www.segunda-feira.de\/wp-content\/uploads\/2015\/05\/Morgenstund-1024x614.jpg\" title=\"Morgenstund\" rel=\"polaroid_1532577386\" class=\"polaroid-gallery-item showcaption\"><span class=\"polaroid-gallery-image\" title=\"\" style=\"background-image: url(http:\/\/www.segunda-feira.de\/wp-content\/uploads\/2015\/05\/Morgenstund-150x150.jpg); width: 140px; height: 140px;\"><\/span><\/a>\n\t\t\t<br style=\"clear: both;\" \/><\/div>\n\n<p>Die Bilder und das Video k\u00f6nnen die Morgenstimmung nur ann\u00e4hernd wiedergeben. Die leichte Realit\u00e4tsd\u00e4mpfung in meiner Wahrnehmung, hervorgerufen durch ein wenig zu viel <a href=\"http:\/\/de.wikipedia.org\/wiki\/Cacha%C3%A7a\" target=\"_blank\">Cacha\u00e7a <\/a>am Vorabend, ist nur schwer einzufangen.<\/p>\n<p><iframe loading=\"lazy\" src=\"http:\/\/www.youtube.com\/embed\/XEj-D1qId0w?rel=0&amp;modestbranding=1\" width=\"560\" height=\"315\" frameborder=\"0\" allowfullscreen=\"allowfullscreen\"><\/iframe><\/p>\n","protected":false},"excerpt":{"rendered":"<p>Ich liebe die Seca! &#8222;Seca&#8220; &#8211; so nennen die Brasilianer die Trockenzeit. Der letzte Regen ist vor genau 12 Tagen gefallen. Die Luft ist deutlich trockener geworden, und es weht best\u00e4ndig ein leichter Wind. Die Temperaturen pendeln zwischen 17 Grad &hellip; <a href=\"http:\/\/www.segunda-feira.de\/?p=505\">Weiterlesen <span class=\"meta-nav\">&rarr;<\/span><\/a><\/p>\n","protected":false},"author":1,"featured_media":0,"comment_status":"open","ping_status":"open","sticky":false,"template":"","format":"standard","meta":{"jetpack_post_was_ever_published":false,"_jetpack_newsletter_access":"","_jetpack_dont_email_post_to_subs":false,"_jetpack_newsletter_tier_id":0,"_jetpack_memberships_contains_paywalled_content":false,"_jetpack_memberships_contains_paid_content":false,"footnotes":"","jetpack_publicize_message":"","jetpack_publicize_feature_enabled":true,"jetpack_social_post_already_shared":true,"jetpack_social_options":{"image_generator_settings":{"template":"highway","default_image_id":0,"font":"","enabled":false},"version":2}},"categories":[1,9],"tags":[],"class_list":["post-505","post","type-post","status-publish","format-standard","hentry","category-allgemein","category-reise-entdeckungen"],"jetpack_publicize_connections":[],"jetpack_featured_media_url":"","jetpack_sharing_enabled":true,"jetpack_shortlink":"https:\/\/wp.me\/p64WYd-89","jetpack_likes_enabled":true,"_links":{"self":[{"href":"http:\/\/www.segunda-feira.de\/index.php?rest_route=\/wp\/v2\/posts\/505","targetHints":{"allow":["GET"]}}],"collection":[{"href":"http:\/\/www.segunda-feira.de\/index.php?rest_route=\/wp\/v2\/posts"}],"about":[{"href":"http:\/\/www.segunda-feira.de\/index.php?rest_route=\/wp\/v2\/types\/post"}],"author":[{"embeddable":true,"href":"http:\/\/www.segunda-feira.de\/index.php?rest_route=\/wp\/v2\/users\/1"}],"replies":[{"embeddable":true,"href":"http:\/\/www.segunda-feira.de\/index.php?rest_route=%2Fwp%2Fv2%2Fcomments&post=505"}],"version-history":[{"count":8,"href":"http:\/\/www.segunda-feira.de\/index.php?rest_route=\/wp\/v2\/posts\/505\/revisions"}],"predecessor-version":[{"id":525,"href":"http:\/\/www.segunda-feira.de\/index.php?rest_route=\/wp\/v2\/posts\/505\/revisions\/525"}],"wp:attachment":[{"href":"http:\/\/www.segunda-feira.de\/index.php?rest_route=%2Fwp%2Fv2%2Fmedia&parent=505"}],"wp:term":[{"taxonomy":"category","embeddable":true,"href":"http:\/\/www.segunda-feira.de\/index.php?rest_route=%2Fwp%2Fv2%2Fcategories&post=505"},{"taxonomy":"post_tag","embeddable":true,"href":"http:\/\/www.segunda-feira.de\/index.php?rest_route=%2Fwp%2Fv2%2Ftags&post=505"}],"curies":[{"name":"wp","href":"https:\/\/api.w.org\/{rel}","templated":true}]}}