{"id":543,"date":"2015-05-29T20:58:24","date_gmt":"2015-05-29T18:58:24","guid":{"rendered":"http:\/\/www.segunda-feira.de\/?p=543"},"modified":"2015-05-30T20:44:40","modified_gmt":"2015-05-30T18:44:40","slug":"entdeckungsreise-durch-den-cerrado","status":"publish","type":"post","link":"http:\/\/www.segunda-feira.de\/?p=543","title":{"rendered":"Entdeckungsreise durch den Cerrado"},"content":{"rendered":"<p>&#8222;Cerrado&#8220; nennen die Brasilianer die von der Sonne verstrahlte und vom Regen ausgewaschene Hochebene S\u00fcdamerikas, in deren Mitte der Plano Piloto thront. Cerrado hei\u00dft \u00fcbersetzt Savanne und wird ausgesprochen &#8211; na, wer wei\u00df es noch? &#8211; wie &#8222;Sehado&#8220;. Wikipedia sagt, Savanne sei ein Sammelbegriff f\u00fcr die Vegetationszone zwischen dem tropischen Regenwald und der W\u00fcste. Der Vegetationstyp sei gepr\u00e4gt durch eine geschlossenen Krautschicht und eine eher offene Geh\u00f6lzschicht, hervorgerufen durch die jahreszeitlich bedingten starken Niederschlagsunterschiede. Damit ist die Gegend hier rund um Brasilia ganz gut beschrieben. Der Unterschied zur &#8222;Gegend&#8220; Eifel liegt in der Dimension: Der Cerrado umfasst ein Gebiet von der Gr\u00f6\u00dfe Alaskas, wie das nachfolgende Bild anschaulich veranschaulichen soll.<\/p>\n<p><a href=\"http:\/\/www.segunda-feira.de\/wp-content\/uploads\/2015\/05\/Cerrado.jpg\"><img loading=\"lazy\" decoding=\"async\" class=\"alignnone size-full wp-image-550\" src=\"http:\/\/www.segunda-feira.de\/wp-content\/uploads\/2015\/05\/Cerrado.jpg\" alt=\"Cerrado\" width=\"584\" height=\"438\" srcset=\"http:\/\/www.segunda-feira.de\/wp-content\/uploads\/2015\/05\/Cerrado.jpg 584w, http:\/\/www.segunda-feira.de\/wp-content\/uploads\/2015\/05\/Cerrado-300x225.jpg 300w, http:\/\/www.segunda-feira.de\/wp-content\/uploads\/2015\/05\/Cerrado-400x300.jpg 400w\" sizes=\"auto, (max-width: 584px) 100vw, 584px\" \/><\/a><\/p>\n<p>Das bedeutet, dass ich Richtung Norden, S\u00fcden und Westen jeweils mindestens 1.000 km fahren muss, um der Savanne zu entkommen. Lediglich Richtung Osten sind es nur schlappe 500 km. Doch was erwartet mich dort? Im Nordwesten Regenwald, schw\u00fcle Hitze und M\u00fccken so gro\u00df wie Tennisb\u00e4lle. Richtung Osten und S\u00fcden stapeln sich die Menschen in Megametropolen. Bleiben &#8222;nur&#8220; die wei\u00dfen Str\u00e4nde im Nordosten sowie der Fluchtweg Richtung Anden. Beides ist ganz sch\u00f6n weit und will geplant sein. Bis dahin muss ich mit der Exploration des Cerrado vorlieb nehmen.<\/p>\n<p>Mehr zum Cerrado kann man bei <a href=\"http:\/\/de.wikipedia.org\/wiki\/Cerrado_%28Brasilien%29\" target=\"_blank\">Wikipedia <\/a>nachlesen. Ich habe keine Lust, das alles abzutippen. Eine Anmerkung zum Wikipedia-Artikel: Unter Autobahnen verstehe ich mindestens vierspurige Stra\u00dfen, auf denen keine Fu\u00dfg\u00e4nger herumlaufen und auf denen man auch nicht wenden kann. So gesehen gibt es in und um Brasilia keine Autobahnen, sondern nur Landstra\u00dfen und Schnellstra\u00dfen, die teilweise &#8211; insbesondere im Stadtinneren &#8211; mehrspurig ausgebaut sind.<\/p>\n<p>Im Wikipedia-Artikel wird auch erw\u00e4hnt, dass nur ein Prozent der Fl\u00e4che des Cerrados unter Naturschutz steht. Unser Condominio liegt genau an der Grenze des Schutzgebietes &#8222;\u00c1rea de Prote\u00e7\u00e3o Ambiental do Rio S\u00e3o Bartolomeu&#8220;. Das bedeutet wiederum, dass man nicht 1.000 km fahren muss, um den Cerrado zu entdecken, sondern ihn direkt vor unserer Haust\u00fcre zu Fu\u00df entdecken kann. Irre, oder? Vom Pool direkt auf Safari!<\/p>\n<p>Das ist \u00fcbrigens der Rio S\u00e3o Bartolomeu:<\/p>\n<p><a href=\"http:\/\/www.segunda-feira.de\/wp-content\/uploads\/2015\/05\/Rio-Sao-Bartholomeu.jpg\"><img loading=\"lazy\" decoding=\"async\" class=\"alignnone size-large wp-image-564\" src=\"http:\/\/www.segunda-feira.de\/wp-content\/uploads\/2015\/05\/Rio-Sao-Bartholomeu-1024x768.jpg\" alt=\"Rio Sao Bartholomeu\" width=\"584\" height=\"438\" srcset=\"http:\/\/www.segunda-feira.de\/wp-content\/uploads\/2015\/05\/Rio-Sao-Bartholomeu.jpg 1024w, http:\/\/www.segunda-feira.de\/wp-content\/uploads\/2015\/05\/Rio-Sao-Bartholomeu-300x225.jpg 300w, http:\/\/www.segunda-feira.de\/wp-content\/uploads\/2015\/05\/Rio-Sao-Bartholomeu-400x300.jpg 400w\" sizes=\"auto, (max-width: 584px) 100vw, 584px\" \/><\/a><\/p>\n<p>Oben links im Bild erkennt man ein Stahlkabel und ein F\u00fchrungsseil, welche \u00fcber den Fluss gespannt sind. Dazu dann n\u00e4chste Woche mehr, wenn mein Plan aufgeht&#8230;<\/p>\n<p>So, jetzt noch eine schicke Galerie mit sch\u00f6nen Bildern, auf denen auch meine Mitentdecker Joyce und Fabio sowie Hunde, Hunde, Hunde zu sehen sind.<\/p>\n<div class='polaroid-gallery galleryid-543' style='width:auto;'>\n\t\t\t<a href=\"http:\/\/www.segunda-feira.de\/wp-content\/uploads\/2015\/05\/Panorama-Tabula-Rasa-1024x356.jpg\" title=\"Panorama Tabula Rasa\" rel=\"polaroid_1429528061\" class=\"polaroid-gallery-item showcaption\"><span class=\"polaroid-gallery-image\" title=\"\" style=\"background-image: url(http:\/\/www.segunda-feira.de\/wp-content\/uploads\/2015\/05\/Panorama-Tabula-Rasa-140x140.jpg); width: 140px; height: 140px;\"><\/span><\/a>\n\t\t\t<a href=\"http:\/\/www.segunda-feira.de\/wp-content\/uploads\/2015\/05\/Ganz-sch\u00f6n-gro\u00df-1024x430.jpg\" title=\"Ganz sch\u00f6n gro\u00df\" rel=\"polaroid_1429528061\" class=\"polaroid-gallery-item showcaption\"><span class=\"polaroid-gallery-image\" title=\"\" style=\"background-image: url(http:\/\/www.segunda-feira.de\/wp-content\/uploads\/2015\/05\/Ganz-sch\u00f6n-gro\u00df-140x140.jpg); width: 140px; height: 140px;\"><\/span><\/a>\n\t\t\t<a href=\"http:\/\/www.segunda-feira.de\/wp-content\/uploads\/2015\/05\/Joyce-1024x614.jpg\" title=\"Joyce\" rel=\"polaroid_1429528061\" class=\"polaroid-gallery-item showcaption\"><span class=\"polaroid-gallery-image\" title=\"\" style=\"background-image: url(http:\/\/www.segunda-feira.de\/wp-content\/uploads\/2015\/05\/Joyce-140x140.jpg); width: 140px; height: 140px;\"><\/span><\/a>\n\t\t\t<a href=\"http:\/\/www.segunda-feira.de\/wp-content\/uploads\/2015\/05\/Fabio-1024x614.jpg\" title=\"Fabio\" rel=\"polaroid_1429528061\" class=\"polaroid-gallery-item showcaption\"><span class=\"polaroid-gallery-image\" title=\"\" style=\"background-image: url(http:\/\/www.segunda-feira.de\/wp-content\/uploads\/2015\/05\/Fabio-140x140.jpg); width: 140px; height: 140px;\"><\/span><\/a>\n\t\t\t<a href=\"http:\/\/www.segunda-feira.de\/wp-content\/uploads\/2015\/05\/Br\u00fccke-\u00fcber-den-River-Kwai-1024x680.jpg\" title=\"Br\u00fccke \u00fcber den River Kwai\" rel=\"polaroid_1429528061\" class=\"polaroid-gallery-item showcaption\"><span class=\"polaroid-gallery-image\" title=\"\" style=\"background-image: url(http:\/\/www.segunda-feira.de\/wp-content\/uploads\/2015\/05\/Br\u00fccke-\u00fcber-den-River-Kwai-140x140.jpg); width: 140px; height: 140px;\"><\/span><\/a>\n\t\t\t<a href=\"http:\/\/www.segunda-feira.de\/wp-content\/uploads\/2015\/05\/Ein-Mann-ein-Auto-1024x768.jpg\" title=\"Ein Mann ein Auto\" rel=\"polaroid_1429528061\" class=\"polaroid-gallery-item showcaption\"><span class=\"polaroid-gallery-image\" title=\"\" style=\"background-image: url(http:\/\/www.segunda-feira.de\/wp-content\/uploads\/2015\/05\/Ein-Mann-ein-Auto-140x140.jpg); width: 140px; height: 140px;\"><\/span><\/a>\n\t\t\t<a href=\"http:\/\/www.segunda-feira.de\/wp-content\/uploads\/2015\/05\/Ein-Mann-ein-Auto-und-Landschaft-1024x768.jpg\" title=\"Ein Mann ein Auto und Landschaft\" rel=\"polaroid_1429528061\" class=\"polaroid-gallery-item showcaption\"><span class=\"polaroid-gallery-image\" title=\"\" style=\"background-image: url(http:\/\/www.segunda-feira.de\/wp-content\/uploads\/2015\/05\/Ein-Mann-ein-Auto-und-Landschaft-140x140.jpg); width: 140px; height: 140px;\"><\/span><\/a>\n\t\t\t<a href=\"http:\/\/www.segunda-feira.de\/wp-content\/uploads\/2015\/05\/Irgendwann-geh\u00f6rt-das-mal-alles-mir-1024x768.jpg\" title=\"Irgendwann geh\u00f6rt das mal alles mir\" rel=\"polaroid_1429528061\" class=\"polaroid-gallery-item showcaption\"><span class=\"polaroid-gallery-image\" title=\"\" style=\"background-image: url(http:\/\/www.segunda-feira.de\/wp-content\/uploads\/2015\/05\/Irgendwann-geh\u00f6rt-das-mal-alles-mir-140x140.jpg); width: 140px; height: 140px;\"><\/span><\/a>\n\t\t\t<a href=\"http:\/\/www.segunda-feira.de\/wp-content\/uploads\/2015\/05\/Dramatischer-Abendhimmel-1024x614.jpg\" title=\"Dramatischer Abendhimmel\" rel=\"polaroid_1429528061\" class=\"polaroid-gallery-item showcaption\"><span class=\"polaroid-gallery-image\" title=\"\" style=\"background-image: url(http:\/\/www.segunda-feira.de\/wp-content\/uploads\/2015\/05\/Dramatischer-Abendhimmel-140x140.jpg); width: 140px; height: 140px;\"><\/span><\/a>\n\t\t\t<br style=\"clear: both;\" \/><\/div>\n\n","protected":false},"excerpt":{"rendered":"<p>&#8222;Cerrado&#8220; nennen die Brasilianer die von der Sonne verstrahlte und vom Regen ausgewaschene Hochebene S\u00fcdamerikas, in deren Mitte der Plano Piloto thront. Cerrado hei\u00dft \u00fcbersetzt Savanne und wird ausgesprochen &#8211; na, wer wei\u00df es noch? &#8211; wie &#8222;Sehado&#8220;. Wikipedia sagt, &hellip; <a href=\"http:\/\/www.segunda-feira.de\/?p=543\">Weiterlesen <span class=\"meta-nav\">&rarr;<\/span><\/a><\/p>\n","protected":false},"author":1,"featured_media":0,"comment_status":"open","ping_status":"open","sticky":false,"template":"","format":"standard","meta":{"jetpack_post_was_ever_published":false,"_jetpack_newsletter_access":"","_jetpack_dont_email_post_to_subs":false,"_jetpack_newsletter_tier_id":0,"_jetpack_memberships_contains_paywalled_content":false,"_jetpack_memberships_contains_paid_content":false,"footnotes":"","jetpack_publicize_message":"","jetpack_publicize_feature_enabled":true,"jetpack_social_post_already_shared":true,"jetpack_social_options":{"image_generator_settings":{"template":"highway","default_image_id":0,"font":"","enabled":false},"version":2}},"categories":[1,9],"tags":[],"class_list":["post-543","post","type-post","status-publish","format-standard","hentry","category-allgemein","category-reise-entdeckungen"],"jetpack_publicize_connections":[],"jetpack_featured_media_url":"","jetpack_sharing_enabled":true,"jetpack_shortlink":"https:\/\/wp.me\/p64WYd-8L","jetpack_likes_enabled":true,"_links":{"self":[{"href":"http:\/\/www.segunda-feira.de\/index.php?rest_route=\/wp\/v2\/posts\/543","targetHints":{"allow":["GET"]}}],"collection":[{"href":"http:\/\/www.segunda-feira.de\/index.php?rest_route=\/wp\/v2\/posts"}],"about":[{"href":"http:\/\/www.segunda-feira.de\/index.php?rest_route=\/wp\/v2\/types\/post"}],"author":[{"embeddable":true,"href":"http:\/\/www.segunda-feira.de\/index.php?rest_route=\/wp\/v2\/users\/1"}],"replies":[{"embeddable":true,"href":"http:\/\/www.segunda-feira.de\/index.php?rest_route=%2Fwp%2Fv2%2Fcomments&post=543"}],"version-history":[{"count":14,"href":"http:\/\/www.segunda-feira.de\/index.php?rest_route=\/wp\/v2\/posts\/543\/revisions"}],"predecessor-version":[{"id":571,"href":"http:\/\/www.segunda-feira.de\/index.php?rest_route=\/wp\/v2\/posts\/543\/revisions\/571"}],"wp:attachment":[{"href":"http:\/\/www.segunda-feira.de\/index.php?rest_route=%2Fwp%2Fv2%2Fmedia&parent=543"}],"wp:term":[{"taxonomy":"category","embeddable":true,"href":"http:\/\/www.segunda-feira.de\/index.php?rest_route=%2Fwp%2Fv2%2Fcategories&post=543"},{"taxonomy":"post_tag","embeddable":true,"href":"http:\/\/www.segunda-feira.de\/index.php?rest_route=%2Fwp%2Fv2%2Ftags&post=543"}],"curies":[{"name":"wp","href":"https:\/\/api.w.org\/{rel}","templated":true}]}}