{"id":677,"date":"2015-06-26T10:41:30","date_gmt":"2015-06-26T08:41:30","guid":{"rendered":"http:\/\/www.segunda-feira.de\/?p=677"},"modified":"2015-07-17T06:37:31","modified_gmt":"2015-07-17T04:37:31","slug":"sonderbare-reaktion-auf-lokale-delikatessen","status":"publish","type":"post","link":"http:\/\/www.segunda-feira.de\/?p=677","title":{"rendered":"Sonderbare Reaktion auf lokale Delikatessen"},"content":{"rendered":"<p>Ich sitze zusammen mit Fabio in einem Stra\u00dfenrestaurant zum Mittagessen. Fabio hat mir dabei geholfen, eine Werkstatt f\u00fcr meinen Wagen zu finden und die notwendigen Reparaturen mit der Werkstatt abzusprechen.<\/p>\n<p>Der Wirt bringt das Essen. F\u00fcr mich gibt es vegetarische Beilagen: Reis, Bohnen, M\u00f6hren, Maniok. Das Gericht schmeckt intensiv nach brasilianischem Rind. Die Rinder sehen hier nicht nur durchweg anders aus als in Europa, sie riechen und schmecken auch anders. Selbst Milchprodukte haben diesen intensiven, leicht s\u00e4uerlichen Geschmack, den ich nur schwer beschreiben kann. Bisher konnte ich mich damit nicht richtig anfreunden. Die Vorstellung, ein komplettes Glas Milch zu trinken, hat meinen Appetit bisher noch nicht zu Freudenspr\u00fcngen verleitet.<\/p>\n<p>\u00dcber den eigenwilligen Geschmack Brasiliens sinnierend esse ich weiter. Der Wirt bringt eine kleine Plastikflasche mit einer dicken, gelben Fl\u00fcssigkeit. Fabio kippt davon reichlich \u00fcber sein Essen. Da der Reis etwas trocken ist, mache ich es ihm nach. Dazu gibt es ein sehr s\u00fc\u00dfes, kohlens\u00e4urehaltiges Getr\u00e4nk.<\/p>\n<p>Der Wirt kommt an unseren Tisch und startet einen Smalltalk mit Fabio. Pl\u00f6tzlich beginnt mein Mageneingang schmerzhaft zu brennen. Irgendetwas erzeugt in meinem Magen einen immensen Druck. Ich versuche mit einem Schluck von der Limonade zu kontern, was jedoch den gegenteiligen Effekt erzeugt. Noch gerade rechtzeitig kann ich den Tisch verlassen. Hinter einem LKW spucke ich glibbrige, durchsichtig-schaumige Magenfl\u00fcssigkeit aus. Abwechselnd kommen der Wirt und Fabio zu mir, um nach den Rechten zu fragen. Doch ich wiegele ab, brauche nur Zeit, damit der Schmerz vergeht.<\/p>\n<p>Der LKW f\u00e4hrt weg, und damit verliere ich meine Deckung vor den anderen G\u00e4sten im Restaurant. Ich verziehe mich auf die Toilette und spucke noch 15 Minuten weiter. Das Essen selbst bleibt im Magen, nur die Magenfl\u00fcssigkeit will raus. Dann endlich beruhigt sich mein Verdauungsapparat. Ich gehe zur\u00fcck und entschuldige mich beim Wirt. Schnell hat man die Buttersauce, die gelbe Fl\u00fcssigkeit in der Flasche, als Ursache identifiziert. Wir zahlen und gehen. Wenigstens muss ich nicht f\u00fcr mein Essen bezahlen.<\/p>\n<p>Ich glaube, ich entwickle eine Laktoseintoleranz. Damit bin ich nicht allein, sondern geh\u00f6re zu den 43 % der europ\u00e4isch-st\u00e4mmigen Einwohnern dieses Landes, die das gleiche Schicksal teilen.<\/p>\n","protected":false},"excerpt":{"rendered":"<p>Ich sitze zusammen mit Fabio in einem Stra\u00dfenrestaurant zum Mittagessen. Fabio hat mir dabei geholfen, eine Werkstatt f\u00fcr meinen Wagen zu finden und die notwendigen Reparaturen mit der Werkstatt abzusprechen. Der Wirt bringt das Essen. F\u00fcr mich gibt es vegetarische &hellip; <a href=\"http:\/\/www.segunda-feira.de\/?p=677\">Weiterlesen <span class=\"meta-nav\">&rarr;<\/span><\/a><\/p>\n","protected":false},"author":1,"featured_media":0,"comment_status":"open","ping_status":"open","sticky":false,"template":"","format":"standard","meta":{"jetpack_post_was_ever_published":false,"_jetpack_newsletter_access":"","_jetpack_dont_email_post_to_subs":false,"_jetpack_newsletter_tier_id":0,"_jetpack_memberships_contains_paywalled_content":false,"_jetpack_memberships_contains_paid_content":false,"footnotes":"","jetpack_publicize_message":"","jetpack_publicize_feature_enabled":true,"jetpack_social_post_already_shared":true,"jetpack_social_options":{"image_generator_settings":{"template":"highway","default_image_id":0,"font":"","enabled":false},"version":2}},"categories":[1,15],"tags":[],"class_list":["post-677","post","type-post","status-publish","format-standard","hentry","category-allgemein","category-alltag"],"jetpack_publicize_connections":[],"jetpack_featured_media_url":"","jetpack_sharing_enabled":true,"jetpack_shortlink":"https:\/\/wp.me\/p64WYd-aV","jetpack_likes_enabled":true,"_links":{"self":[{"href":"http:\/\/www.segunda-feira.de\/index.php?rest_route=\/wp\/v2\/posts\/677","targetHints":{"allow":["GET"]}}],"collection":[{"href":"http:\/\/www.segunda-feira.de\/index.php?rest_route=\/wp\/v2\/posts"}],"about":[{"href":"http:\/\/www.segunda-feira.de\/index.php?rest_route=\/wp\/v2\/types\/post"}],"author":[{"embeddable":true,"href":"http:\/\/www.segunda-feira.de\/index.php?rest_route=\/wp\/v2\/users\/1"}],"replies":[{"embeddable":true,"href":"http:\/\/www.segunda-feira.de\/index.php?rest_route=%2Fwp%2Fv2%2Fcomments&post=677"}],"version-history":[{"count":4,"href":"http:\/\/www.segunda-feira.de\/index.php?rest_route=\/wp\/v2\/posts\/677\/revisions"}],"predecessor-version":[{"id":741,"href":"http:\/\/www.segunda-feira.de\/index.php?rest_route=\/wp\/v2\/posts\/677\/revisions\/741"}],"wp:attachment":[{"href":"http:\/\/www.segunda-feira.de\/index.php?rest_route=%2Fwp%2Fv2%2Fmedia&parent=677"}],"wp:term":[{"taxonomy":"category","embeddable":true,"href":"http:\/\/www.segunda-feira.de\/index.php?rest_route=%2Fwp%2Fv2%2Fcategories&post=677"},{"taxonomy":"post_tag","embeddable":true,"href":"http:\/\/www.segunda-feira.de\/index.php?rest_route=%2Fwp%2Fv2%2Ftags&post=677"}],"curies":[{"name":"wp","href":"https:\/\/api.w.org\/{rel}","templated":true}]}}