{"id":680,"date":"2015-06-27T00:19:47","date_gmt":"2015-06-26T22:19:47","guid":{"rendered":"http:\/\/www.segunda-feira.de\/?p=680"},"modified":"2015-06-27T00:22:24","modified_gmt":"2015-06-26T22:22:24","slug":"plastikpalmen-und-parasiten","status":"publish","type":"post","link":"http:\/\/www.segunda-feira.de\/?p=680","title":{"rendered":"Plastikpalmen und Parasiten"},"content":{"rendered":"<p>Nein, dieser Cerrado. Da gehe ich jeden Tag zweimal durch die B\u00fcsche und Str\u00e4ucher und entdecke doch immer wieder Neues.<\/p>\n<p>Als erstes pr\u00e4sentiere ich eine Parasitenpflanze, die einfach auf einem Baum andockt. Wenn man nicht genau hinsieht, erkennt man gar nicht, dass es sich auf diesen Bildern um zwei Pflanzen handelt:<\/p>\n<p><a href=\"http:\/\/www.segunda-feira.de\/wp-content\/uploads\/2015\/06\/Parasitenpflanze01.jpg\"><img loading=\"lazy\" decoding=\"async\" class=\"alignnone  wp-image-681\" src=\"http:\/\/www.segunda-feira.de\/wp-content\/uploads\/2015\/06\/Parasitenpflanze01-300x180.jpg\" alt=\"Parasitenpflanze01\" width=\"270\" height=\"166\" \/><\/a><a href=\"http:\/\/www.segunda-feira.de\/wp-content\/uploads\/2015\/06\/Parsitenpflanze02.jpg\"><img loading=\"lazy\" decoding=\"async\" class=\"alignnone  wp-image-682\" src=\"http:\/\/www.segunda-feira.de\/wp-content\/uploads\/2015\/06\/Parsitenpflanze02-300x180.jpg\" alt=\"Parsitenpflanze02\" width=\"270\" height=\"166\" \/><\/a><\/p>\n<p>Dann haben wir noch einen seltenen Strauch, der an eine Glasfaserlampe erinnert:<\/p>\n<p><a href=\"http:\/\/www.segunda-feira.de\/wp-content\/uploads\/2015\/06\/Sylvesterraketenpflanze.jpg\"><img loading=\"lazy\" decoding=\"async\" class=\"alignnone size-large wp-image-683\" src=\"http:\/\/www.segunda-feira.de\/wp-content\/uploads\/2015\/06\/Sylvesterraketenpflanze-1024x614.jpg\" alt=\"Sylvesterraketenpflanze\" width=\"584\" height=\"350\" srcset=\"http:\/\/www.segunda-feira.de\/wp-content\/uploads\/2015\/06\/Sylvesterraketenpflanze.jpg 1024w, http:\/\/www.segunda-feira.de\/wp-content\/uploads\/2015\/06\/Sylvesterraketenpflanze-300x180.jpg 300w, http:\/\/www.segunda-feira.de\/wp-content\/uploads\/2015\/06\/Sylvesterraketenpflanze-500x300.jpg 500w\" sizes=\"auto, (max-width: 584px) 100vw, 584px\" \/><\/a><\/p>\n<p>Diese edle Raupe:<\/p>\n<p><a href=\"http:\/\/www.segunda-feira.de\/wp-content\/uploads\/2015\/06\/Caterpilar.jpg\"><img loading=\"lazy\" decoding=\"async\" class=\"alignnone size-large wp-image-684\" src=\"http:\/\/www.segunda-feira.de\/wp-content\/uploads\/2015\/06\/Caterpilar-1024x614.jpg\" alt=\"Caterpilar\" width=\"584\" height=\"350\" srcset=\"http:\/\/www.segunda-feira.de\/wp-content\/uploads\/2015\/06\/Caterpilar.jpg 1024w, http:\/\/www.segunda-feira.de\/wp-content\/uploads\/2015\/06\/Caterpilar-300x180.jpg 300w, http:\/\/www.segunda-feira.de\/wp-content\/uploads\/2015\/06\/Caterpilar-500x300.jpg 500w\" sizes=\"auto, (max-width: 584px) 100vw, 584px\" \/><\/a><\/p>\n<p>Und zu guter Letzt noch eine Pflanze, die so tut, als sei sie aus Plastik:<\/p>\n<p><iframe loading=\"lazy\" src=\"http:\/\/www.youtube.com\/embed\/6XEX6wrnd1k?rel=0&amp;modestbranding=1\" width=\"560\" height=\"315\" frameborder=\"0\" allowfullscreen=\"allowfullscreen\"><\/iframe><\/p>\n","protected":false},"excerpt":{"rendered":"<p>Nein, dieser Cerrado. Da gehe ich jeden Tag zweimal durch die B\u00fcsche und Str\u00e4ucher und entdecke doch immer wieder Neues. Als erstes pr\u00e4sentiere ich eine Parasitenpflanze, die einfach auf einem Baum andockt. Wenn man nicht genau hinsieht, erkennt man gar &hellip; <a href=\"http:\/\/www.segunda-feira.de\/?p=680\">Weiterlesen <span class=\"meta-nav\">&rarr;<\/span><\/a><\/p>\n","protected":false},"author":1,"featured_media":0,"comment_status":"open","ping_status":"open","sticky":false,"template":"","format":"standard","meta":{"jetpack_post_was_ever_published":false,"_jetpack_newsletter_access":"","_jetpack_dont_email_post_to_subs":false,"_jetpack_newsletter_tier_id":0,"_jetpack_memberships_contains_paywalled_content":false,"_jetpack_memberships_contains_paid_content":false,"footnotes":"","jetpack_publicize_message":"","jetpack_publicize_feature_enabled":true,"jetpack_social_post_already_shared":true,"jetpack_social_options":{"image_generator_settings":{"template":"highway","default_image_id":0,"font":"","enabled":false},"version":2}},"categories":[1,9],"tags":[],"class_list":["post-680","post","type-post","status-publish","format-standard","hentry","category-allgemein","category-reise-entdeckungen"],"jetpack_publicize_connections":[],"jetpack_featured_media_url":"","jetpack_sharing_enabled":true,"jetpack_shortlink":"https:\/\/wp.me\/p64WYd-aY","jetpack_likes_enabled":true,"_links":{"self":[{"href":"http:\/\/www.segunda-feira.de\/index.php?rest_route=\/wp\/v2\/posts\/680","targetHints":{"allow":["GET"]}}],"collection":[{"href":"http:\/\/www.segunda-feira.de\/index.php?rest_route=\/wp\/v2\/posts"}],"about":[{"href":"http:\/\/www.segunda-feira.de\/index.php?rest_route=\/wp\/v2\/types\/post"}],"author":[{"embeddable":true,"href":"http:\/\/www.segunda-feira.de\/index.php?rest_route=\/wp\/v2\/users\/1"}],"replies":[{"embeddable":true,"href":"http:\/\/www.segunda-feira.de\/index.php?rest_route=%2Fwp%2Fv2%2Fcomments&post=680"}],"version-history":[{"count":4,"href":"http:\/\/www.segunda-feira.de\/index.php?rest_route=\/wp\/v2\/posts\/680\/revisions"}],"predecessor-version":[{"id":688,"href":"http:\/\/www.segunda-feira.de\/index.php?rest_route=\/wp\/v2\/posts\/680\/revisions\/688"}],"wp:attachment":[{"href":"http:\/\/www.segunda-feira.de\/index.php?rest_route=%2Fwp%2Fv2%2Fmedia&parent=680"}],"wp:term":[{"taxonomy":"category","embeddable":true,"href":"http:\/\/www.segunda-feira.de\/index.php?rest_route=%2Fwp%2Fv2%2Fcategories&post=680"},{"taxonomy":"post_tag","embeddable":true,"href":"http:\/\/www.segunda-feira.de\/index.php?rest_route=%2Fwp%2Fv2%2Ftags&post=680"}],"curies":[{"name":"wp","href":"https:\/\/api.w.org\/{rel}","templated":true}]}}