{"id":759,"date":"2015-07-26T18:16:54","date_gmt":"2015-07-26T16:16:54","guid":{"rendered":"http:\/\/www.segunda-feira.de\/?p=759"},"modified":"2015-07-26T19:53:38","modified_gmt":"2015-07-26T17:53:38","slug":"gestern-auf-dem-condominiofest","status":"publish","type":"post","link":"http:\/\/www.segunda-feira.de\/?p=759","title":{"rendered":"Gestern auf dem Condominiofest"},"content":{"rendered":"<p><a href=\"http:\/\/www.segunda-feira.de\/wp-content\/uploads\/2015\/07\/Condominio-Verde-feiert.jpg\"><img loading=\"lazy\" decoding=\"async\" class=\"alignnone size-large wp-image-760\" src=\"http:\/\/www.segunda-feira.de\/wp-content\/uploads\/2015\/07\/Condominio-Verde-feiert-1024x614.jpg\" alt=\"Condominio Verde feiert\" width=\"584\" height=\"350\" srcset=\"http:\/\/www.segunda-feira.de\/wp-content\/uploads\/2015\/07\/Condominio-Verde-feiert.jpg 1024w, http:\/\/www.segunda-feira.de\/wp-content\/uploads\/2015\/07\/Condominio-Verde-feiert-300x180.jpg 300w, http:\/\/www.segunda-feira.de\/wp-content\/uploads\/2015\/07\/Condominio-Verde-feiert-500x300.jpg 500w\" sizes=\"auto, (max-width: 584px) 100vw, 584px\" \/><\/a><\/p>\n<p>Einmal j\u00e4hrlich feiert das Condominio Verde ein Stra\u00dfenfest. Es gibt Musik, Getr\u00e4nke, Essen und f\u00fcr die Kinder Kasperletheater mit Schlangen statt R\u00e4ubern:<\/p>\n<p><iframe loading=\"lazy\" src=\"http:\/\/www.youtube.com\/embed\/qXO8Gujvlkg?rel=0&amp;modestbranding=1\" width=\"560\" height=\"315\" frameborder=\"0\" allowfullscreen=\"allowfullscreen\"><\/iframe><\/p>\n","protected":false},"excerpt":{"rendered":"<p>Einmal j\u00e4hrlich feiert das Condominio Verde ein Stra\u00dfenfest. Es gibt Musik, Getr\u00e4nke, Essen und f\u00fcr die Kinder Kasperletheater mit Schlangen statt R\u00e4ubern:<\/p>\n","protected":false},"author":1,"featured_media":0,"comment_status":"open","ping_status":"open","sticky":false,"template":"","format":"standard","meta":{"jetpack_post_was_ever_published":false,"_jetpack_newsletter_access":"","_jetpack_dont_email_post_to_subs":false,"_jetpack_newsletter_tier_id":0,"_jetpack_memberships_contains_paywalled_content":false,"_jetpack_memberships_contains_paid_content":false,"footnotes":"","jetpack_publicize_message":"","jetpack_publicize_feature_enabled":true,"jetpack_social_post_already_shared":true,"jetpack_social_options":{"image_generator_settings":{"template":"highway","default_image_id":0,"font":"","enabled":false},"version":2}},"categories":[1,15],"tags":[],"class_list":["post-759","post","type-post","status-publish","format-standard","hentry","category-allgemein","category-alltag"],"jetpack_publicize_connections":[],"jetpack_featured_media_url":"","jetpack_sharing_enabled":true,"jetpack_shortlink":"https:\/\/wp.me\/p64WYd-cf","jetpack_likes_enabled":true,"_links":{"self":[{"href":"http:\/\/www.segunda-feira.de\/index.php?rest_route=\/wp\/v2\/posts\/759","targetHints":{"allow":["GET"]}}],"collection":[{"href":"http:\/\/www.segunda-feira.de\/index.php?rest_route=\/wp\/v2\/posts"}],"about":[{"href":"http:\/\/www.segunda-feira.de\/index.php?rest_route=\/wp\/v2\/types\/post"}],"author":[{"embeddable":true,"href":"http:\/\/www.segunda-feira.de\/index.php?rest_route=\/wp\/v2\/users\/1"}],"replies":[{"embeddable":true,"href":"http:\/\/www.segunda-feira.de\/index.php?rest_route=%2Fwp%2Fv2%2Fcomments&post=759"}],"version-history":[{"count":1,"href":"http:\/\/www.segunda-feira.de\/index.php?rest_route=\/wp\/v2\/posts\/759\/revisions"}],"predecessor-version":[{"id":761,"href":"http:\/\/www.segunda-feira.de\/index.php?rest_route=\/wp\/v2\/posts\/759\/revisions\/761"}],"wp:attachment":[{"href":"http:\/\/www.segunda-feira.de\/index.php?rest_route=%2Fwp%2Fv2%2Fmedia&parent=759"}],"wp:term":[{"taxonomy":"category","embeddable":true,"href":"http:\/\/www.segunda-feira.de\/index.php?rest_route=%2Fwp%2Fv2%2Fcategories&post=759"},{"taxonomy":"post_tag","embeddable":true,"href":"http:\/\/www.segunda-feira.de\/index.php?rest_route=%2Fwp%2Fv2%2Ftags&post=759"}],"curies":[{"name":"wp","href":"https:\/\/api.w.org\/{rel}","templated":true}]}}