{"id":766,"date":"2015-07-29T22:56:01","date_gmt":"2015-07-29T20:56:01","guid":{"rendered":"http:\/\/www.segunda-feira.de\/?p=766"},"modified":"2015-07-29T23:03:30","modified_gmt":"2015-07-29T21:03:30","slug":"das-auto-wird-zum-wohnmobil","status":"publish","type":"post","link":"http:\/\/www.segunda-feira.de\/?p=766","title":{"rendered":"Das Auto wird zum Wohnmobil"},"content":{"rendered":"<p>Wie verwandelt man einen Gel\u00e4ndewagen in ein Wohnmobil, ohne auf die vier Sitze zu verzichten? Wochenlanges Gr\u00fcbeln, ebensolange Planung und Learning by Doing sowie eine Woche T\u00fcfteln haben schlie\u00dflich zu einem Ergebnis gef\u00fchrt.<\/p>\n<p>Der Wagen hat jetzt zwei Betten f\u00fcr maximal vier Personen und einen Hund. Kuschelig&#8230;<\/p>\n<div class='polaroid-gallery galleryid-766' style='width:auto;'>\n\t\t\t<a href=\"http:\/\/www.segunda-feira.de\/wp-content\/uploads\/2015\/07\/Planung-ist-alles-1024x682.jpg\" title=\"Planung ist alles\" rel=\"polaroid_1560293282\" class=\"polaroid-gallery-item showcaption\"><span class=\"polaroid-gallery-image\" title=\"\" style=\"background-image: url(http:\/\/www.segunda-feira.de\/wp-content\/uploads\/2015\/07\/Planung-ist-alles-140x140.jpg); width: 140px; height: 140px;\"><\/span><\/a>\n\t\t\t<a href=\"http:\/\/www.segunda-feira.de\/wp-content\/uploads\/2015\/07\/Und-jetzt-1024x682.jpg\" title=\"Und jetzt\" rel=\"polaroid_1560293282\" class=\"polaroid-gallery-item showcaption\"><span class=\"polaroid-gallery-image\" title=\"\" style=\"background-image: url(http:\/\/www.segunda-feira.de\/wp-content\/uploads\/2015\/07\/Und-jetzt-140x140.jpg); width: 140px; height: 140px;\"><\/span><\/a>\n\t\t\t<a href=\"http:\/\/www.segunda-feira.de\/wp-content\/uploads\/2015\/07\/Jamie-Hausbauer-und-Ausbauerberater-1024x682.jpg\" title=\"Jamie &#8211; Hausbauer und Ausbauerberater\" rel=\"polaroid_1560293282\" class=\"polaroid-gallery-item showcaption\"><span class=\"polaroid-gallery-image\" title=\"\" style=\"background-image: url(http:\/\/www.segunda-feira.de\/wp-content\/uploads\/2015\/07\/Jamie-Hausbauer-und-Ausbauerberater-140x140.jpg); width: 140px; height: 140px;\"><\/span><\/a>\n\t\t\t<a href=\"http:\/\/www.segunda-feira.de\/wp-content\/uploads\/2015\/07\/Geschlossen-aussen-1024x682.jpg\" title=\"Geschlossen aussen\" rel=\"polaroid_1560293282\" class=\"polaroid-gallery-item showcaption\"><span class=\"polaroid-gallery-image\" title=\"\" style=\"background-image: url(http:\/\/www.segunda-feira.de\/wp-content\/uploads\/2015\/07\/Geschlossen-aussen-140x140.jpg); width: 140px; height: 140px;\"><\/span><\/a>\n\t\t\t<a href=\"http:\/\/www.segunda-feira.de\/wp-content\/uploads\/2015\/07\/Bordutensilien-1024x682.jpg\" title=\"Bordutensilien\" rel=\"polaroid_1560293282\" class=\"polaroid-gallery-item showcaption\"><span class=\"polaroid-gallery-image\" title=\"\" style=\"background-image: url(http:\/\/www.segunda-feira.de\/wp-content\/uploads\/2015\/07\/Bordutensilien-140x140.jpg); width: 140px; height: 140px;\"><\/span><\/a>\n\t\t\t<a href=\"http:\/\/www.segunda-feira.de\/wp-content\/uploads\/2015\/07\/Kochstelle-1024x682.jpg\" title=\"Kochstelle\" rel=\"polaroid_1560293282\" class=\"polaroid-gallery-item showcaption\"><span class=\"polaroid-gallery-image\" title=\"\" style=\"background-image: url(http:\/\/www.segunda-feira.de\/wp-content\/uploads\/2015\/07\/Kochstelle-140x140.jpg); width: 140px; height: 140px;\"><\/span><\/a>\n\t\t\t<a href=\"http:\/\/www.segunda-feira.de\/wp-content\/uploads\/2015\/07\/Geschlossen-innen-1024x682.jpg\" title=\"Geschlossen innen\" rel=\"polaroid_1560293282\" class=\"polaroid-gallery-item showcaption\"><span class=\"polaroid-gallery-image\" title=\"\" style=\"background-image: url(http:\/\/www.segunda-feira.de\/wp-content\/uploads\/2015\/07\/Geschlossen-innen-140x140.jpg); width: 140px; height: 140px;\"><\/span><\/a>\n\t\t\t<a href=\"http:\/\/www.segunda-feira.de\/wp-content\/uploads\/2015\/07\/Stauraum-1024x682.jpg\" title=\"Stauraum\" rel=\"polaroid_1560293282\" class=\"polaroid-gallery-item showcaption\"><span class=\"polaroid-gallery-image\" title=\"\" style=\"background-image: url(http:\/\/www.segunda-feira.de\/wp-content\/uploads\/2015\/07\/Stauraum-140x140.jpg); width: 140px; height: 140px;\"><\/span><\/a>\n\t\t\t<a href=\"http:\/\/www.segunda-feira.de\/wp-content\/uploads\/2015\/07\/Liegefl\u00e4che-1024x682.jpg\" title=\"Liegefl\u00e4che\" rel=\"polaroid_1560293282\" class=\"polaroid-gallery-item showcaption\"><span class=\"polaroid-gallery-image\" title=\"\" style=\"background-image: url(http:\/\/www.segunda-feira.de\/wp-content\/uploads\/2015\/07\/Liegefl\u00e4che-140x140.jpg); width: 140px; height: 140px;\"><\/span><\/a>\n\t\t\t<a href=\"http:\/\/www.segunda-feira.de\/wp-content\/uploads\/2015\/07\/Fehlt-nur-noch-die-Matraze-1024x682.jpg\" title=\"Fehlt nur noch die Matraze\" rel=\"polaroid_1560293282\" class=\"polaroid-gallery-item showcaption\"><span class=\"polaroid-gallery-image\" title=\"\" style=\"background-image: url(http:\/\/www.segunda-feira.de\/wp-content\/uploads\/2015\/07\/Fehlt-nur-noch-die-Matraze-140x140.jpg); width: 140px; height: 140px;\"><\/span><\/a>\n\t\t\t<a href=\"http:\/\/www.segunda-feira.de\/wp-content\/uploads\/2015\/07\/Vordere-Halterung-1024x682.jpg\" title=\"Vordere Halterung\" rel=\"polaroid_1560293282\" class=\"polaroid-gallery-item showcaption\"><span class=\"polaroid-gallery-image\" title=\"\" style=\"background-image: url(http:\/\/www.segunda-feira.de\/wp-content\/uploads\/2015\/07\/Vordere-Halterung-140x140.jpg); width: 140px; height: 140px;\"><\/span><\/a>\n\t\t\t<a href=\"http:\/\/www.segunda-feira.de\/wp-content\/uploads\/2015\/07\/Stauraum-unterm-Bett-1024x682.jpg\" title=\"Stauraum unterm Bett\" rel=\"polaroid_1560293282\" class=\"polaroid-gallery-item showcaption\"><span class=\"polaroid-gallery-image\" title=\"\" style=\"background-image: url(http:\/\/www.segunda-feira.de\/wp-content\/uploads\/2015\/07\/Stauraum-unterm-Bett-140x140.jpg); width: 140px; height: 140px;\"><\/span><\/a>\n\t\t\t<br style=\"clear: both;\" \/><\/div>\n\n","protected":false},"excerpt":{"rendered":"<p>Wie verwandelt man einen Gel\u00e4ndewagen in ein Wohnmobil, ohne auf die vier Sitze zu verzichten? Wochenlanges Gr\u00fcbeln, ebensolange Planung und Learning by Doing sowie eine Woche T\u00fcfteln haben schlie\u00dflich zu einem Ergebnis gef\u00fchrt. Der Wagen hat jetzt zwei Betten f\u00fcr &hellip; <a href=\"http:\/\/www.segunda-feira.de\/?p=766\">Weiterlesen <span class=\"meta-nav\">&rarr;<\/span><\/a><\/p>\n","protected":false},"author":1,"featured_media":0,"comment_status":"open","ping_status":"open","sticky":false,"template":"","format":"standard","meta":{"jetpack_post_was_ever_published":false,"_jetpack_newsletter_access":"","_jetpack_dont_email_post_to_subs":false,"_jetpack_newsletter_tier_id":0,"_jetpack_memberships_contains_paywalled_content":false,"_jetpack_memberships_contains_paid_content":false,"footnotes":"","jetpack_publicize_message":"","jetpack_publicize_feature_enabled":true,"jetpack_social_post_already_shared":true,"jetpack_social_options":{"image_generator_settings":{"template":"highway","default_image_id":0,"font":"","enabled":false},"version":2}},"categories":[1,9],"tags":[],"class_list":["post-766","post","type-post","status-publish","format-standard","hentry","category-allgemein","category-reise-entdeckungen"],"jetpack_publicize_connections":[],"jetpack_featured_media_url":"","jetpack_sharing_enabled":true,"jetpack_shortlink":"https:\/\/wp.me\/p64WYd-cm","jetpack_likes_enabled":true,"_links":{"self":[{"href":"http:\/\/www.segunda-feira.de\/index.php?rest_route=\/wp\/v2\/posts\/766","targetHints":{"allow":["GET"]}}],"collection":[{"href":"http:\/\/www.segunda-feira.de\/index.php?rest_route=\/wp\/v2\/posts"}],"about":[{"href":"http:\/\/www.segunda-feira.de\/index.php?rest_route=\/wp\/v2\/types\/post"}],"author":[{"embeddable":true,"href":"http:\/\/www.segunda-feira.de\/index.php?rest_route=\/wp\/v2\/users\/1"}],"replies":[{"embeddable":true,"href":"http:\/\/www.segunda-feira.de\/index.php?rest_route=%2Fwp%2Fv2%2Fcomments&post=766"}],"version-history":[{"count":4,"href":"http:\/\/www.segunda-feira.de\/index.php?rest_route=\/wp\/v2\/posts\/766\/revisions"}],"predecessor-version":[{"id":783,"href":"http:\/\/www.segunda-feira.de\/index.php?rest_route=\/wp\/v2\/posts\/766\/revisions\/783"}],"wp:attachment":[{"href":"http:\/\/www.segunda-feira.de\/index.php?rest_route=%2Fwp%2Fv2%2Fmedia&parent=766"}],"wp:term":[{"taxonomy":"category","embeddable":true,"href":"http:\/\/www.segunda-feira.de\/index.php?rest_route=%2Fwp%2Fv2%2Fcategories&post=766"},{"taxonomy":"post_tag","embeddable":true,"href":"http:\/\/www.segunda-feira.de\/index.php?rest_route=%2Fwp%2Fv2%2Ftags&post=766"}],"curies":[{"name":"wp","href":"https:\/\/api.w.org\/{rel}","templated":true}]}}