{"id":797,"date":"2015-08-03T19:40:38","date_gmt":"2015-08-03T17:40:38","guid":{"rendered":"http:\/\/www.segunda-feira.de\/?p=797"},"modified":"2015-08-03T19:40:38","modified_gmt":"2015-08-03T17:40:38","slug":"oh-cerrado","status":"publish","type":"post","link":"http:\/\/www.segunda-feira.de\/?p=797","title":{"rendered":"Oh Cerrado!"},"content":{"rendered":"<p>Die relative Luftfeuchtigkeit ist runter auf 28 %. Sylvia hat bereits Probleme mit ihren Lippen. Bis auf die Popel in meiner Nase, die gr\u00f6\u00dfer und trockener werden, sp\u00fcre ich noch nichts von der Trockenheit. Vielleicht liegt das daran, dass ich meine Tage nicht in klimatisierten R\u00e4umen verbringe.<\/p>\n<p>Das Wetter ist einfach gro\u00dfartig. Tags\u00fcber erreichen die Temperaturen 25 bis 28 Grad. Am Himmel ist keine einzige Wolke zu sehen. Auf den Anh\u00f6hen weht stets ein k\u00fchler Wind. Nachts sinken die Temperaturen. Zum Sonnenaufgang gegen sechs Uhr k\u00f6nnen sie mitunter auf zehn Grad fallen. Daf\u00fcr verzaubert die Nacht mit einem unglaublich klaren Sternenhimmel. Vollmondaufg\u00e4nge sind das gr\u00f6\u00dfte Spektakel.<\/p>\n<p>Der Cerrado macht seinem Namen alle Ehre und verwandelt sich in eine Savannenlandschaft. Die Gr\u00e4ser werden gelb und neulich hat es nachts gro\u00dffl\u00e4chig gebrannt.<\/p>\n<div class='polaroid-gallery galleryid-797' style='width:auto;'>\n\t\t\t<a href=\"http:\/\/www.segunda-feira.de\/wp-content\/uploads\/2015\/08\/Cerrado-in-der-Trockenzeit-1024x614.jpg\" title=\"Cerrado in der Trockenzeit\" rel=\"polaroid_1522597280\" class=\"polaroid-gallery-item showcaption\"><span class=\"polaroid-gallery-image\" title=\"\" style=\"background-image: url(http:\/\/www.segunda-feira.de\/wp-content\/uploads\/2015\/08\/Cerrado-in-der-Trockenzeit-140x140.jpg); width: 140px; height: 140px;\"><\/span><\/a>\n\t\t\t<a href=\"http:\/\/www.segunda-feira.de\/wp-content\/uploads\/2015\/08\/Gelbes-Gras-1024x614.jpg\" title=\"Gelbes Gras\" rel=\"polaroid_1522597280\" class=\"polaroid-gallery-item showcaption\"><span class=\"polaroid-gallery-image\" title=\"\" style=\"background-image: url(http:\/\/www.segunda-feira.de\/wp-content\/uploads\/2015\/08\/Gelbes-Gras-140x140.jpg); width: 140px; height: 140px;\"><\/span><\/a>\n\t\t\t<a href=\"http:\/\/www.segunda-feira.de\/wp-content\/uploads\/2015\/08\/Buschbrand-1024x639.jpg\" title=\"Buschbrand\" rel=\"polaroid_1522597280\" class=\"polaroid-gallery-item showcaption\"><span class=\"polaroid-gallery-image\" title=\"\" style=\"background-image: url(http:\/\/www.segunda-feira.de\/wp-content\/uploads\/2015\/08\/Buschbrand-140x140.jpg); width: 140px; height: 140px;\"><\/span><\/a>\n\t\t\t<br style=\"clear: both;\" \/><\/div>\n\n<p>Den \u00c4ffchen unten am Bach, wo die B\u00e4ume das ganze Jahr \u00fcber Wasser haben, macht die Trockenzeit gar nichts.<\/p>\n<p><iframe loading=\"lazy\" src=\"http:\/\/www.youtube.com\/embed\/PqKB3VYClz0?rel=0&amp;modestbranding=1\" width=\"560\" height=\"315\" frameborder=\"0\" allowfullscreen=\"allowfullscreen\"><\/iframe><\/p>\n<p>Und wir haben die Sch\u00f6nheit unserer Terasse auf dem Dach entdeckt.<\/p>\n<p><a href=\"http:\/\/www.segunda-feira.de\/wp-content\/uploads\/2015\/08\/Die-Terasse.jpg\"><img loading=\"lazy\" decoding=\"async\" class=\"alignnone size-large wp-image-801\" src=\"http:\/\/www.segunda-feira.de\/wp-content\/uploads\/2015\/08\/Die-Terasse-1024x614.jpg\" alt=\"Die Terasse\" width=\"584\" height=\"350\" srcset=\"http:\/\/www.segunda-feira.de\/wp-content\/uploads\/2015\/08\/Die-Terasse.jpg 1024w, http:\/\/www.segunda-feira.de\/wp-content\/uploads\/2015\/08\/Die-Terasse-300x180.jpg 300w, http:\/\/www.segunda-feira.de\/wp-content\/uploads\/2015\/08\/Die-Terasse-500x300.jpg 500w\" sizes=\"auto, (max-width: 584px) 100vw, 584px\" \/><\/a><\/p>\n","protected":false},"excerpt":{"rendered":"<p>Die relative Luftfeuchtigkeit ist runter auf 28 %. Sylvia hat bereits Probleme mit ihren Lippen. Bis auf die Popel in meiner Nase, die gr\u00f6\u00dfer und trockener werden, sp\u00fcre ich noch nichts von der Trockenheit. Vielleicht liegt das daran, dass ich &hellip; <a href=\"http:\/\/www.segunda-feira.de\/?p=797\">Weiterlesen <span class=\"meta-nav\">&rarr;<\/span><\/a><\/p>\n","protected":false},"author":1,"featured_media":0,"comment_status":"open","ping_status":"open","sticky":false,"template":"","format":"standard","meta":{"jetpack_post_was_ever_published":false,"_jetpack_newsletter_access":"","_jetpack_dont_email_post_to_subs":false,"_jetpack_newsletter_tier_id":0,"_jetpack_memberships_contains_paywalled_content":false,"_jetpack_memberships_contains_paid_content":false,"footnotes":"","jetpack_publicize_message":"","jetpack_publicize_feature_enabled":true,"jetpack_social_post_already_shared":true,"jetpack_social_options":{"image_generator_settings":{"template":"highway","default_image_id":0,"font":"","enabled":false},"version":2}},"categories":[1,15],"tags":[],"class_list":["post-797","post","type-post","status-publish","format-standard","hentry","category-allgemein","category-alltag"],"jetpack_publicize_connections":[],"jetpack_featured_media_url":"","jetpack_sharing_enabled":true,"jetpack_shortlink":"https:\/\/wp.me\/p64WYd-cR","jetpack_likes_enabled":true,"_links":{"self":[{"href":"http:\/\/www.segunda-feira.de\/index.php?rest_route=\/wp\/v2\/posts\/797","targetHints":{"allow":["GET"]}}],"collection":[{"href":"http:\/\/www.segunda-feira.de\/index.php?rest_route=\/wp\/v2\/posts"}],"about":[{"href":"http:\/\/www.segunda-feira.de\/index.php?rest_route=\/wp\/v2\/types\/post"}],"author":[{"embeddable":true,"href":"http:\/\/www.segunda-feira.de\/index.php?rest_route=\/wp\/v2\/users\/1"}],"replies":[{"embeddable":true,"href":"http:\/\/www.segunda-feira.de\/index.php?rest_route=%2Fwp%2Fv2%2Fcomments&post=797"}],"version-history":[{"count":1,"href":"http:\/\/www.segunda-feira.de\/index.php?rest_route=\/wp\/v2\/posts\/797\/revisions"}],"predecessor-version":[{"id":802,"href":"http:\/\/www.segunda-feira.de\/index.php?rest_route=\/wp\/v2\/posts\/797\/revisions\/802"}],"wp:attachment":[{"href":"http:\/\/www.segunda-feira.de\/index.php?rest_route=%2Fwp%2Fv2%2Fmedia&parent=797"}],"wp:term":[{"taxonomy":"category","embeddable":true,"href":"http:\/\/www.segunda-feira.de\/index.php?rest_route=%2Fwp%2Fv2%2Fcategories&post=797"},{"taxonomy":"post_tag","embeddable":true,"href":"http:\/\/www.segunda-feira.de\/index.php?rest_route=%2Fwp%2Fv2%2Ftags&post=797"}],"curies":[{"name":"wp","href":"https:\/\/api.w.org\/{rel}","templated":true}]}}