{"id":82,"date":"2015-04-05T00:28:38","date_gmt":"2015-04-04T22:28:38","guid":{"rendered":"http:\/\/www.segunda-feira.de\/?p=82"},"modified":"2015-05-30T21:18:52","modified_gmt":"2015-05-30T19:18:52","slug":"bizarro-eifel","status":"publish","type":"post","link":"http:\/\/www.segunda-feira.de\/?p=82","title":{"rendered":"Bizarro-Eifel"},"content":{"rendered":"<p>Die Eifel in S\u00fcdamerika liegt \u00f6stlich von Brasiliens Hauptstadt, direkt hinter unserer Haust\u00fcr. Erodierte bewaldete T\u00e4ler wechseln sich mit Freifl\u00e4chen auf den H\u00f6hen ab.<\/p>\n<p><iframe loading=\"lazy\" src=\"http:\/\/www.youtube.com\/embed\/aRH0iCX868s?rel=0&amp;modestbranding=1\" width=\"560\" height=\"315\" frameborder=\"0\" allowfullscreen=\"allowfullscreen\"><\/iframe><\/p>\n<p>Das Rurtal verbl\u00fcfft mit seinem abwechslungsreichen Landschaftsprofil.<\/p>\n<p><a href=\"http:\/\/www.segunda-feira.de\/wp-content\/uploads\/2015\/04\/Rurtal.jpg\"><img loading=\"lazy\" decoding=\"async\" class=\"alignnone size-medium wp-image-87\" src=\"http:\/\/www.segunda-feira.de\/wp-content\/uploads\/2015\/04\/Rurtal-300x225.jpg\" alt=\"Rurtal\" width=\"300\" height=\"225\" srcset=\"http:\/\/www.segunda-feira.de\/wp-content\/uploads\/2015\/04\/Rurtal-300x225.jpg 300w, http:\/\/www.segunda-feira.de\/wp-content\/uploads\/2015\/04\/Rurtal.jpg 1024w, http:\/\/www.segunda-feira.de\/wp-content\/uploads\/2015\/04\/Rurtal-400x300.jpg 400w\" sizes=\"auto, (max-width: 300px) 100vw, 300px\" \/><\/a><\/p>\n<p>Die Kall windet sich durch das Dickicht.<\/p>\n<p><a href=\"http:\/\/www.segunda-feira.de\/wp-content\/uploads\/2015\/04\/Kall.jpg\"><img loading=\"lazy\" decoding=\"async\" class=\"alignnone size-medium wp-image-86\" src=\"http:\/\/www.segunda-feira.de\/wp-content\/uploads\/2015\/04\/Kall-300x225.jpg\" alt=\"Kall\" width=\"300\" height=\"225\" srcset=\"http:\/\/www.segunda-feira.de\/wp-content\/uploads\/2015\/04\/Kall-300x225.jpg 300w, http:\/\/www.segunda-feira.de\/wp-content\/uploads\/2015\/04\/Kall.jpg 1024w, http:\/\/www.segunda-feira.de\/wp-content\/uploads\/2015\/04\/Kall-400x300.jpg 400w\" sizes=\"auto, (max-width: 300px) 100vw, 300px\" \/><\/a><\/p>\n<p>Der s\u00fcdamerikanische Klatschmohn sprie\u00dft am Wegesrand.<\/p>\n<p><a href=\"http:\/\/www.segunda-feira.de\/wp-content\/uploads\/2015\/04\/Suedamerikanischer-Klatschmohn.jpg\"><img loading=\"lazy\" decoding=\"async\" class=\"alignnone size-medium wp-image-88\" src=\"http:\/\/www.segunda-feira.de\/wp-content\/uploads\/2015\/04\/Suedamerikanischer-Klatschmohn-300x225.jpg\" alt=\"Suedamerikanischer Klatschmohn\" width=\"300\" height=\"225\" srcset=\"http:\/\/www.segunda-feira.de\/wp-content\/uploads\/2015\/04\/Suedamerikanischer-Klatschmohn-300x225.jpg 300w, http:\/\/www.segunda-feira.de\/wp-content\/uploads\/2015\/04\/Suedamerikanischer-Klatschmohn.jpg 1024w, http:\/\/www.segunda-feira.de\/wp-content\/uploads\/2015\/04\/Suedamerikanischer-Klatschmohn-400x300.jpg 400w\" sizes=\"auto, (max-width: 300px) 100vw, 300px\" \/><\/a><\/p>\n<p>Nur die \u00c4pfel sind ein wenig gr\u00f6\u00dfer als in der Heimat.<\/p>\n<p><a href=\"http:\/\/www.segunda-feira.de\/wp-content\/uploads\/2015\/04\/Amazonasapfel.jpg\"><img loading=\"lazy\" decoding=\"async\" class=\"alignnone size-medium wp-image-85\" src=\"http:\/\/www.segunda-feira.de\/wp-content\/uploads\/2015\/04\/Amazonasapfel-300x225.jpg\" alt=\"Amazonasapfel\" width=\"300\" height=\"225\" srcset=\"http:\/\/www.segunda-feira.de\/wp-content\/uploads\/2015\/04\/Amazonasapfel-300x225.jpg 300w, http:\/\/www.segunda-feira.de\/wp-content\/uploads\/2015\/04\/Amazonasapfel.jpg 1024w, http:\/\/www.segunda-feira.de\/wp-content\/uploads\/2015\/04\/Amazonasapfel-400x300.jpg 400w\" sizes=\"auto, (max-width: 300px) 100vw, 300px\" \/><\/a><\/p>\n","protected":false},"excerpt":{"rendered":"<p>Die Eifel in S\u00fcdamerika liegt \u00f6stlich von Brasiliens Hauptstadt, direkt hinter unserer Haust\u00fcr. Erodierte bewaldete T\u00e4ler wechseln sich mit Freifl\u00e4chen auf den H\u00f6hen ab. Das Rurtal verbl\u00fcfft mit seinem abwechslungsreichen Landschaftsprofil. Die Kall windet sich durch das Dickicht. Der s\u00fcdamerikanische &hellip; <a href=\"http:\/\/www.segunda-feira.de\/?p=82\">Weiterlesen <span class=\"meta-nav\">&rarr;<\/span><\/a><\/p>\n","protected":false},"author":1,"featured_media":0,"comment_status":"open","ping_status":"open","sticky":false,"template":"","format":"standard","meta":{"jetpack_post_was_ever_published":false,"_jetpack_newsletter_access":"","_jetpack_dont_email_post_to_subs":false,"_jetpack_newsletter_tier_id":0,"_jetpack_memberships_contains_paywalled_content":false,"_jetpack_memberships_contains_paid_content":false,"footnotes":"","jetpack_publicize_message":"","jetpack_publicize_feature_enabled":true,"jetpack_social_post_already_shared":false,"jetpack_social_options":{"image_generator_settings":{"template":"highway","default_image_id":0,"font":"","enabled":false},"version":2}},"categories":[1,9],"tags":[],"class_list":["post-82","post","type-post","status-publish","format-standard","hentry","category-allgemein","category-reise-entdeckungen"],"jetpack_publicize_connections":[],"jetpack_featured_media_url":"","jetpack_sharing_enabled":true,"jetpack_shortlink":"https:\/\/wp.me\/p64WYd-1k","jetpack_likes_enabled":true,"_links":{"self":[{"href":"http:\/\/www.segunda-feira.de\/index.php?rest_route=\/wp\/v2\/posts\/82","targetHints":{"allow":["GET"]}}],"collection":[{"href":"http:\/\/www.segunda-feira.de\/index.php?rest_route=\/wp\/v2\/posts"}],"about":[{"href":"http:\/\/www.segunda-feira.de\/index.php?rest_route=\/wp\/v2\/types\/post"}],"author":[{"embeddable":true,"href":"http:\/\/www.segunda-feira.de\/index.php?rest_route=\/wp\/v2\/users\/1"}],"replies":[{"embeddable":true,"href":"http:\/\/www.segunda-feira.de\/index.php?rest_route=%2Fwp%2Fv2%2Fcomments&post=82"}],"version-history":[{"count":9,"href":"http:\/\/www.segunda-feira.de\/index.php?rest_route=\/wp\/v2\/posts\/82\/revisions"}],"predecessor-version":[{"id":594,"href":"http:\/\/www.segunda-feira.de\/index.php?rest_route=\/wp\/v2\/posts\/82\/revisions\/594"}],"wp:attachment":[{"href":"http:\/\/www.segunda-feira.de\/index.php?rest_route=%2Fwp%2Fv2%2Fmedia&parent=82"}],"wp:term":[{"taxonomy":"category","embeddable":true,"href":"http:\/\/www.segunda-feira.de\/index.php?rest_route=%2Fwp%2Fv2%2Fcategories&post=82"},{"taxonomy":"post_tag","embeddable":true,"href":"http:\/\/www.segunda-feira.de\/index.php?rest_route=%2Fwp%2Fv2%2Ftags&post=82"}],"curies":[{"name":"wp","href":"https:\/\/api.w.org\/{rel}","templated":true}]}}