{"id":853,"date":"2015-09-02T20:22:40","date_gmt":"2015-09-02T18:22:40","guid":{"rendered":"http:\/\/www.segunda-feira.de\/?p=853"},"modified":"2015-09-02T20:22:40","modified_gmt":"2015-09-02T18:22:40","slug":"testschlafen-im-auto","status":"publish","type":"post","link":"http:\/\/www.segunda-feira.de\/?p=853","title":{"rendered":"Testschlafen im Auto"},"content":{"rendered":"<p><a href=\"http:\/\/www.segunda-feira.de\/wp-content\/uploads\/2015\/09\/Schlafen-im-Auto.jpg\"><img loading=\"lazy\" decoding=\"async\" class=\"alignnone size-large wp-image-858\" src=\"http:\/\/www.segunda-feira.de\/wp-content\/uploads\/2015\/09\/Schlafen-im-Auto-1024x614.jpg\" alt=\"Schlafen im Auto\" width=\"584\" height=\"350\" srcset=\"http:\/\/www.segunda-feira.de\/wp-content\/uploads\/2015\/09\/Schlafen-im-Auto.jpg 1024w, http:\/\/www.segunda-feira.de\/wp-content\/uploads\/2015\/09\/Schlafen-im-Auto-300x180.jpg 300w, http:\/\/www.segunda-feira.de\/wp-content\/uploads\/2015\/09\/Schlafen-im-Auto-500x300.jpg 500w\" sizes=\"auto, (max-width: 584px) 100vw, 584px\" \/><\/a><\/p>\n<p>Die erste Nacht auf dem Schlafplatz im Auto war recht erhellend. Obwohl die Liegefl\u00e4che fast 2 Meter lang und 1,40 Meter breit ist, also in etwa den Platz bereitstellt, den das Dachzelt bietet, ist der subjektive Eindruck ein eher beengter. Nach oben ist halt nicht viel Luft. Man kann eben nur darin schlafen und sonst nichts anderes. Zudem war die Matratze mit 3 Zentimetern zu d\u00fcnn, so dass wir sie jetzt mit einer 5 Zentimeter dicken ersetzt haben. In zwei Wochen geht die zweimonatige Reise in den Nordosten Brasiliens und nach Bolivien los, auf der etappenweise Sylvia, Andreas, Beatrix und Katja dabei sind.<\/p>\n<p>Ort des Testschlafs war einmal wieder die Chapada dos Veiadeiros, die 250 Kilometer n\u00f6rdlich von Brasilia beginnt. Dort haben wir einen weiteren Wasserfall besucht, den man in diesem Video bewundern kann:<\/p>\n<p><iframe loading=\"lazy\" src=\"http:\/\/www.youtube.com\/embed\/WR9_cXcJ35o?rel=0&amp;modestbranding=1\" width=\"560\" height=\"315\" frameborder=\"0\" allowfullscreen=\"allowfullscreen\"><\/iframe><\/p>\n<p>Auch in der Chapada kann man das seltsame Verh\u00e4ltnis der Brasilianer zu Grund und Boden bewundern. Man geht mehrere Kilometer entlang eines kaum befahrbaren Weges, der zu beiden Seiten eingez\u00e4unt ist, und gelangt dann zu einem Tor, das unmissverst\u00e4ndlich den Wanderer am Weitergehen hindern soll.<\/p>\n<div class='polaroid-gallery galleryid-853' style='width:auto;'>\n\t\t\t<a href=\"http:\/\/www.segunda-feira.de\/wp-content\/uploads\/2015\/09\/Stra\u00dfe-im-Nichts-1024x614.jpg\" title=\"Stra\u00dfe im Nichts\" rel=\"polaroid_1409492489\" class=\"polaroid-gallery-item showcaption\"><span class=\"polaroid-gallery-image\" title=\"\" style=\"background-image: url(http:\/\/www.segunda-feira.de\/wp-content\/uploads\/2015\/09\/Stra\u00dfe-im-Nichts-140x140.jpg); width: 140px; height: 140px;\"><\/span><\/a>\n\t\t\t<a href=\"http:\/\/www.segunda-feira.de\/wp-content\/uploads\/2015\/09\/Sackgasse-1024x614.jpg\" title=\"Sackgasse\" rel=\"polaroid_1409492489\" class=\"polaroid-gallery-item showcaption\"><span class=\"polaroid-gallery-image\" title=\"\" style=\"background-image: url(http:\/\/www.segunda-feira.de\/wp-content\/uploads\/2015\/09\/Sackgasse-140x140.jpg); width: 140px; height: 140px;\"><\/span><\/a>\n\t\t\t<br style=\"clear: both;\" \/><\/div>\n\n<p>Man w\u00fcrde jetzt vermuten, dass\u00a0 dahinter ein Anwesen liegt mit einem gro\u00dfen Haus und einem Garten oder zumindest eine landwirtschaftliche Nutzfl\u00e4che. Doch der Blick auf Google Maps best\u00e4tigt diese Annahme nicht: <a href=\"https:\/\/maps.google.de\/maps?q=-14.056506,-47.447037&amp;t=h\" target=\"_blank\">https:\/\/maps.google.de\/maps?q=-14.056506,-47.447037&amp;t=h<\/a><\/p>\n<p>N\u00f6rdlich von dem Tor befindet sich einfach nur ungenutzte Cerrado-Landschaft, genauso wie links und rechts neben der Stra\u00dfe dorthin. Der Grund f\u00fcr die vielen Z\u00e4une und Absperrungen: In Brasilien gibt es erst seit 2001 ein Katasteramt f\u00fcr Grundbesitz. Seitdem kann man in Besitz genommene Grundst\u00fccke nach f\u00fcnf Jahren durch Eintragung in das Grundbuch in rechtliches Eigentum \u00fcberf\u00fchren. Viele Grundst\u00fccke sind also noch gar nicht rechtliches Eigentum oder die Besitzverh\u00e4ltnisse sind nicht gekl\u00e4rt. F\u00fcr einen Europ\u00e4er ist so etwas unvorstellbar, aber im Norden von Brasilien ist die Landnahme entlang der <a href=\"https:\/\/de.wikipedia.org\/wiki\/Transamaz%C3%B4nica\" target=\"_blank\">Transamaz\u00f4nica <\/a>noch immer ein ganz normaler Vorgang zum &#8222;Erwerb&#8220; von Grundbesitz. Man sagt einfach &#8222;Dieses Gebiet geh\u00f6rt mir!&#8220; und macht einen Zaun drumherum. Fertig. Kein Wunder, dass hier alles eingez\u00e4unt ist.<\/p>\n","protected":false},"excerpt":{"rendered":"<p>Die erste Nacht auf dem Schlafplatz im Auto war recht erhellend. Obwohl die Liegefl\u00e4che fast 2 Meter lang und 1,40 Meter breit ist, also in etwa den Platz bereitstellt, den das Dachzelt bietet, ist der subjektive Eindruck ein eher beengter. &hellip; <a href=\"http:\/\/www.segunda-feira.de\/?p=853\">Weiterlesen <span class=\"meta-nav\">&rarr;<\/span><\/a><\/p>\n","protected":false},"author":1,"featured_media":0,"comment_status":"open","ping_status":"open","sticky":false,"template":"","format":"standard","meta":{"jetpack_post_was_ever_published":false,"_jetpack_newsletter_access":"","_jetpack_dont_email_post_to_subs":false,"_jetpack_newsletter_tier_id":0,"_jetpack_memberships_contains_paywalled_content":false,"_jetpack_memberships_contains_paid_content":false,"footnotes":"","jetpack_publicize_message":"","jetpack_publicize_feature_enabled":true,"jetpack_social_post_already_shared":true,"jetpack_social_options":{"image_generator_settings":{"template":"highway","default_image_id":0,"font":"","enabled":false},"version":2}},"categories":[1,9],"tags":[],"class_list":["post-853","post","type-post","status-publish","format-standard","hentry","category-allgemein","category-reise-entdeckungen"],"jetpack_publicize_connections":[],"jetpack_featured_media_url":"","jetpack_sharing_enabled":true,"jetpack_shortlink":"https:\/\/wp.me\/p64WYd-dL","jetpack_likes_enabled":true,"_links":{"self":[{"href":"http:\/\/www.segunda-feira.de\/index.php?rest_route=\/wp\/v2\/posts\/853","targetHints":{"allow":["GET"]}}],"collection":[{"href":"http:\/\/www.segunda-feira.de\/index.php?rest_route=\/wp\/v2\/posts"}],"about":[{"href":"http:\/\/www.segunda-feira.de\/index.php?rest_route=\/wp\/v2\/types\/post"}],"author":[{"embeddable":true,"href":"http:\/\/www.segunda-feira.de\/index.php?rest_route=\/wp\/v2\/users\/1"}],"replies":[{"embeddable":true,"href":"http:\/\/www.segunda-feira.de\/index.php?rest_route=%2Fwp%2Fv2%2Fcomments&post=853"}],"version-history":[{"count":5,"href":"http:\/\/www.segunda-feira.de\/index.php?rest_route=\/wp\/v2\/posts\/853\/revisions"}],"predecessor-version":[{"id":867,"href":"http:\/\/www.segunda-feira.de\/index.php?rest_route=\/wp\/v2\/posts\/853\/revisions\/867"}],"wp:attachment":[{"href":"http:\/\/www.segunda-feira.de\/index.php?rest_route=%2Fwp%2Fv2%2Fmedia&parent=853"}],"wp:term":[{"taxonomy":"category","embeddable":true,"href":"http:\/\/www.segunda-feira.de\/index.php?rest_route=%2Fwp%2Fv2%2Fcategories&post=853"},{"taxonomy":"post_tag","embeddable":true,"href":"http:\/\/www.segunda-feira.de\/index.php?rest_route=%2Fwp%2Fv2%2Ftags&post=853"}],"curies":[{"name":"wp","href":"https:\/\/api.w.org\/{rel}","templated":true}]}}