{"id":874,"date":"2015-09-10T03:14:07","date_gmt":"2015-09-10T01:14:07","guid":{"rendered":"http:\/\/www.segunda-feira.de\/?p=874"},"modified":"2015-09-10T04:44:35","modified_gmt":"2015-09-10T02:44:35","slug":"unabhaengigkeitstag","status":"publish","type":"post","link":"http:\/\/www.segunda-feira.de\/?p=874","title":{"rendered":"Unabh\u00e4ngigkeitstag"},"content":{"rendered":"<p>Am 07. September 1822 erkl\u00e4rte Pedro I., Sohn des portugiesischen K\u00f6nigs Jo\u00e3o VI., die Unabh\u00e4ngigkeit Brasiliens von Portugal. Das Land feiert dieses Ereignis mit einer allj\u00e4hrlichen Parade seiner Streit- und Zivilkr\u00e4fte. Soldaten, Feuerwehrleute, Polizisten und Sondereinsatzkr\u00e4fte marschieren im Gleichschritt \u00fcber einen abgesperrten Teil des Plano Piloto. Allen voran f\u00e4hrt der Pr\u00e4sident bzw. die Pr\u00e4sidentin in einem offenen Rolls Royce. Die aktuelle Pr\u00e4sidentin Dilma Rousseff hat dieses Jahr jedoch wegen ihrer miesen Zustimmungswerte in der Bev\u00f6lkerung von 8 Prozent gekniffen und ist vorzeitig aus dem Wagen ausgestiegen. Zu sehen war nur der Wagen mit dem Fahrer, w\u00e4hrend die Zuschauer bei jeder namentlichen Erw\u00e4hnung ihres Staatsoberhauptes, das sie noch vor knapp einem Jahr wiedergew\u00e4hlt haben, mit lautstarken Buhrufen reagierten.<\/p>\n<p>Als Fremder in einer anderen Kultur sieht man die Zusammenh\u00e4nge einer Gesellschaft vielleicht deutlicher, als wenn man in ihr aufgewachsen ist. Dilma Rousseff wurde von ihrem Volk zum S\u00fcndenbock f\u00fcr die aktuelle wirtschaftliche Krise und f\u00fcr einen Korruptionsskandal erkl\u00e4rt, an dem sie pers\u00f6nlich nicht beteiligt ist und der alle politischen Parteien des Landes betrifft. Die Ursache der Krise ist prim\u00e4r auf den schlechten Absatz von Eisenerz und \u00d6l zur\u00fcckzuf\u00fchren. Der gr\u00f6\u00dfte Abnehmer des Eisenerz ist China, das sich selber gerade in einer Krise befindet. Der niedrige \u00d6lpreis trifft Brasilien, da es seit 2006 Exporteur von Roh\u00f6l ist. Zudem ist die wirtschaftliche Krise Nordamerikas und Europas \u00fcberwunden, so dass Investitionskapital wieder vermehrt dorthin anstatt in Schwellenl\u00e4nder flie\u00dft. Die sekund\u00e4re Ursache liegt in der mangelnden Industrialisierung und im schlechten \u00f6ffentlichen Bildungssystem des Landes gepaart mit korrupten politischen Strukturen begr\u00fcndet. Dass ausgerechnet Dilma Rousseff die Korruption in dem Land bek\u00e4mpft, hilft ihr herzlich wenig, wenn sie die konservativ gepr\u00e4gte Medienlandschaft &#8211; allen voran das <a href=\"https:\/\/amerika21.de\/2015\/04\/120558\/geburtstag-globo\" target=\"_blank\">Unternehmen Rede Globo<\/a> &#8211; gegen sich hat. Als Au\u00dfenstehender erschaudert es mich, wenn diejenigen Menschen, die von einer linksgerichteten Politik, die Mindestl\u00f6hne und kostenlose medizinische Versorgung einf\u00fchrt, profitieren, derma\u00dfen von rechtsgerichteten Medien beeinflusst werden, dass sie sich gegen diese Politik stellen. Hier in Brasilien wird mir dieser Effekt durch meine Perspektive noch bewusster als daheim in Deutschland, wo \u00e4hnliche Strukturen walten.<\/p>\n<p>Die Parade selbst hatte zum Teil realsatirische Z\u00fcge, da sie an manchen Stellen eher an einen Karnevalszug erinnerte. Tanzende Funkenmariechen, Motorradartisten, marschierende Politessen in St\u00f6ckelschuhen, Waffen und Fahrzeuge aus dem ersten Weltkrieg, an dem sich Brasilien nicht beteiligt hatte, sowie aus dem zweiten Weltkrieg, in dem 500 Brasilianer gefallen sind: Das alles konnte man nur schwer ernst nehmen. Doch der frenetische Jubel f\u00fcr Soldaten und Polizisten hinterl\u00e4sst bei mir auch einen faden Nachgeschmack, insbesondere wenn aktuell in Brasilien wieder Stimmen laut werden, die ein Eingreifen des Milit\u00e4rs in die Politik fordern. 1964 putschte das brasilianische Milit\u00e4r mit Unterst\u00fctzung der CIA gegen den linksgerichteten Pr\u00e4sidenten Jo\u00e3o Goulart und blieb bis 1985 an der Macht.<\/p>\n<p>Es stimmt mich traurig, wenn in einem Land, in dem die Unterschiede zwischen Arm und Reich noch viel extremer sind als in Deutschland, das in dieser Beziehung bereits an der Spitze Europas steht, jegliche Bestrebungen f\u00fcr einen Ausgleich in der Gesellschaft von den rechtskonservativen Medien regelrecht bek\u00e4mpft werden und der Politik ein Eingreifen durch das Milit\u00e4r droht. Was Brasilien ben\u00f6tigt, ist sozialer Ausgleich sowie Bildung und gleiche Chancen f\u00fcr alle. Gewalt sollte das letzte Mittel sein, um eine staatliche Ordnung aufrecht zu erhalten. Denn m\u00fcndige B\u00fcrger erh\u00e4lt man nicht, in dem man ihnen Gleichschritt beibringt.<\/p>\n<p><iframe loading=\"lazy\" src=\"http:\/\/www.youtube.com\/embed\/86R8nsH5X4Q?rel=0&amp;modestbranding=1\" width=\"560\" height=\"315\" frameborder=\"0\" allowfullscreen=\"allowfullscreen\"><\/iframe><\/p>\n<p>Fotostrecke:<\/p>\n<div class='polaroid-gallery galleryid-874' style='width:auto;'>\n\t\t\t<a href=\"http:\/\/www.segunda-feira.de\/wp-content\/uploads\/2015\/09\/Parlament-1024x614.jpg\" title=\"Parlament\" rel=\"polaroid_800958067\" class=\"polaroid-gallery-item showcaption\"><span class=\"polaroid-gallery-image\" title=\"\" style=\"background-image: url(http:\/\/www.segunda-feira.de\/wp-content\/uploads\/2015\/09\/Parlament-140x140.jpg); width: 140px; height: 140px;\"><\/span><\/a>\n\t\t\t<a href=\"http:\/\/www.segunda-feira.de\/wp-content\/uploads\/2015\/09\/Eingang-1024x682.jpg\" title=\"Eingang\" rel=\"polaroid_800958067\" class=\"polaroid-gallery-item showcaption\"><span class=\"polaroid-gallery-image\" title=\"\" style=\"background-image: url(http:\/\/www.segunda-feira.de\/wp-content\/uploads\/2015\/09\/Eingang-140x140.jpg); width: 140px; height: 140px;\"><\/span><\/a>\n\t\t\t<a href=\"http:\/\/www.segunda-feira.de\/wp-content\/uploads\/2015\/09\/Unabh\u00e4ngigkeit-1024x682.jpg\" title=\"Unabh\u00e4ngigkeit\" rel=\"polaroid_800958067\" class=\"polaroid-gallery-item showcaption\"><span class=\"polaroid-gallery-image\" title=\"\" style=\"background-image: url(http:\/\/www.segunda-feira.de\/wp-content\/uploads\/2015\/09\/Unabh\u00e4ngigkeit-140x140.jpg); width: 140px; height: 140px;\"><\/span><\/a>\n\t\t\t<a href=\"http:\/\/www.segunda-feira.de\/wp-content\/uploads\/2015\/09\/Diversit\u00e4t-1024x682.jpg\" title=\"Diversit\u00e4t\" rel=\"polaroid_800958067\" class=\"polaroid-gallery-item showcaption\"><span class=\"polaroid-gallery-image\" title=\"\" style=\"background-image: url(http:\/\/www.segunda-feira.de\/wp-content\/uploads\/2015\/09\/Diversit\u00e4t-140x140.jpg); width: 140px; height: 140px;\"><\/span><\/a>\n\t\t\t<a href=\"http:\/\/www.segunda-feira.de\/wp-content\/uploads\/2015\/09\/Toleranz-1024x682.jpg\" title=\"Toleranz\" rel=\"polaroid_800958067\" class=\"polaroid-gallery-item showcaption\"><span class=\"polaroid-gallery-image\" title=\"\" style=\"background-image: url(http:\/\/www.segunda-feira.de\/wp-content\/uploads\/2015\/09\/Toleranz-140x140.jpg); width: 140px; height: 140px;\"><\/span><\/a>\n\t\t\t<a href=\"http:\/\/www.segunda-feira.de\/wp-content\/uploads\/2015\/09\/Freiheit-1024x682.jpg\" title=\"Freiheit\" rel=\"polaroid_800958067\" class=\"polaroid-gallery-item showcaption\"><span class=\"polaroid-gallery-image\" title=\"\" style=\"background-image: url(http:\/\/www.segunda-feira.de\/wp-content\/uploads\/2015\/09\/Freiheit-140x140.jpg); width: 140px; height: 140px;\"><\/span><\/a>\n\t\t\t<a href=\"http:\/\/www.segunda-feira.de\/wp-content\/uploads\/2015\/09\/Exekutive-1024x682.jpg\" title=\"Exekutive\" rel=\"polaroid_800958067\" class=\"polaroid-gallery-item showcaption\"><span class=\"polaroid-gallery-image\" title=\"\" style=\"background-image: url(http:\/\/www.segunda-feira.de\/wp-content\/uploads\/2015\/09\/Exekutive-140x140.jpg); width: 140px; height: 140px;\"><\/span><\/a>\n\t\t\t<a href=\"http:\/\/www.segunda-feira.de\/wp-content\/uploads\/2015\/09\/F\u00fcr-das-Volk-1024x682.jpg\" title=\"F\u00fcr das Volk\" rel=\"polaroid_800958067\" class=\"polaroid-gallery-item showcaption\"><span class=\"polaroid-gallery-image\" title=\"\" style=\"background-image: url(http:\/\/www.segunda-feira.de\/wp-content\/uploads\/2015\/09\/F\u00fcr-das-Volk-140x140.jpg); width: 140px; height: 140px;\"><\/span><\/a>\n\t\t\t<a href=\"http:\/\/www.segunda-feira.de\/wp-content\/uploads\/2015\/09\/Im-Dienst-1024x682.jpg\" title=\"Im Dienst\" rel=\"polaroid_800958067\" class=\"polaroid-gallery-item showcaption\"><span class=\"polaroid-gallery-image\" title=\"\" style=\"background-image: url(http:\/\/www.segunda-feira.de\/wp-content\/uploads\/2015\/09\/Im-Dienst-140x140.jpg); width: 140px; height: 140px;\"><\/span><\/a>\n\t\t\t<a href=\"http:\/\/www.segunda-feira.de\/wp-content\/uploads\/2015\/09\/Volk-1024x682.jpg\" title=\"Volk\" rel=\"polaroid_800958067\" class=\"polaroid-gallery-item showcaption\"><span class=\"polaroid-gallery-image\" title=\"\" style=\"background-image: url(http:\/\/www.segunda-feira.de\/wp-content\/uploads\/2015\/09\/Volk-140x140.jpg); width: 140px; height: 140px;\"><\/span><\/a>\n\t\t\t<a href=\"http:\/\/www.segunda-feira.de\/wp-content\/uploads\/2015\/09\/Volker-1024x682.jpg\" title=\"Volker\" rel=\"polaroid_800958067\" class=\"polaroid-gallery-item showcaption\"><span class=\"polaroid-gallery-image\" title=\"\" style=\"background-image: url(http:\/\/www.segunda-feira.de\/wp-content\/uploads\/2015\/09\/Volker-140x140.jpg); width: 140px; height: 140px;\"><\/span><\/a>\n\t\t\t<a href=\"http:\/\/www.segunda-feira.de\/wp-content\/uploads\/2015\/09\/Marschieren-in-St\u00f6ckelschuhen-1024x682.jpg\" title=\"Marschieren in St\u00f6ckelschuhen\" rel=\"polaroid_800958067\" class=\"polaroid-gallery-item showcaption\"><span class=\"polaroid-gallery-image\" title=\"\" style=\"background-image: url(http:\/\/www.segunda-feira.de\/wp-content\/uploads\/2015\/09\/Marschieren-in-St\u00f6ckelschuhen-140x140.jpg); width: 140px; height: 140px;\"><\/span><\/a>\n\t\t\t<a href=\"http:\/\/www.segunda-feira.de\/wp-content\/uploads\/2015\/09\/Schaf-1024x682.jpg\" title=\"Schaf\" rel=\"polaroid_800958067\" class=\"polaroid-gallery-item showcaption\"><span class=\"polaroid-gallery-image\" title=\"\" style=\"background-image: url(http:\/\/www.segunda-feira.de\/wp-content\/uploads\/2015\/09\/Schaf-140x140.jpg); width: 140px; height: 140px;\"><\/span><\/a>\n\t\t\t<a href=\"http:\/\/www.segunda-feira.de\/wp-content\/uploads\/2015\/09\/Feuerwehr-1024x682.jpg\" title=\"Feuerwehr\" rel=\"polaroid_800958067\" class=\"polaroid-gallery-item showcaption\"><span class=\"polaroid-gallery-image\" title=\"\" style=\"background-image: url(http:\/\/www.segunda-feira.de\/wp-content\/uploads\/2015\/09\/Feuerwehr-140x140.jpg); width: 140px; height: 140px;\"><\/span><\/a>\n\t\t\t<a href=\"http:\/\/www.segunda-feira.de\/wp-content\/uploads\/2015\/09\/John-Belushi-1024x682.jpg\" title=\"John Belushi\" rel=\"polaroid_800958067\" class=\"polaroid-gallery-item showcaption\"><span class=\"polaroid-gallery-image\" title=\"\" style=\"background-image: url(http:\/\/www.segunda-feira.de\/wp-content\/uploads\/2015\/09\/John-Belushi-140x140.jpg); width: 140px; height: 140px;\"><\/span><\/a>\n\t\t\t<a href=\"http:\/\/www.segunda-feira.de\/wp-content\/uploads\/2015\/09\/Stolzer-Bauch-1024x682.jpg\" title=\"Stolzer Bauch\" rel=\"polaroid_800958067\" class=\"polaroid-gallery-item showcaption\"><span class=\"polaroid-gallery-image\" title=\"\" style=\"background-image: url(http:\/\/www.segunda-feira.de\/wp-content\/uploads\/2015\/09\/Stolzer-Bauch-140x140.jpg); width: 140px; height: 140px;\"><\/span><\/a>\n\t\t\t<a href=\"http:\/\/www.segunda-feira.de\/wp-content\/uploads\/2015\/09\/Under-Cover-1024x682.jpg\" title=\"Under Cover\" rel=\"polaroid_800958067\" class=\"polaroid-gallery-item showcaption\"><span class=\"polaroid-gallery-image\" title=\"\" style=\"background-image: url(http:\/\/www.segunda-feira.de\/wp-content\/uploads\/2015\/09\/Under-Cover-140x140.jpg); width: 140px; height: 140px;\"><\/span><\/a>\n\t\t\t<a href=\"http:\/\/www.segunda-feira.de\/wp-content\/uploads\/2015\/09\/Samurai-I-1024x682.jpg\" title=\"Samurai I\" rel=\"polaroid_800958067\" class=\"polaroid-gallery-item showcaption\"><span class=\"polaroid-gallery-image\" title=\"\" style=\"background-image: url(http:\/\/www.segunda-feira.de\/wp-content\/uploads\/2015\/09\/Samurai-I-140x140.jpg); width: 140px; height: 140px;\"><\/span><\/a>\n\t\t\t<a href=\"http:\/\/www.segunda-feira.de\/wp-content\/uploads\/2015\/09\/Samurai-II-1024x682.jpg\" title=\"Samurai II\" rel=\"polaroid_800958067\" class=\"polaroid-gallery-item showcaption\"><span class=\"polaroid-gallery-image\" title=\"\" style=\"background-image: url(http:\/\/www.segunda-feira.de\/wp-content\/uploads\/2015\/09\/Samurai-II-140x140.jpg); width: 140px; height: 140px;\"><\/span><\/a>\n\t\t\t<a href=\"http:\/\/www.segunda-feira.de\/wp-content\/uploads\/2015\/09\/Fliegen-f\u00fcr-den-Frieden-1024x682.jpg\" title=\"Fliegen f\u00fcr den Frieden\" rel=\"polaroid_800958067\" class=\"polaroid-gallery-item showcaption\"><span class=\"polaroid-gallery-image\" title=\"\" style=\"background-image: url(http:\/\/www.segunda-feira.de\/wp-content\/uploads\/2015\/09\/Fliegen-f\u00fcr-den-Frieden-140x140.jpg); width: 140px; height: 140px;\"><\/span><\/a>\n\t\t\t<a href=\"http:\/\/www.segunda-feira.de\/wp-content\/uploads\/2015\/09\/Flipflop-1024x682.jpg\" title=\"Flipflop\" rel=\"polaroid_800958067\" class=\"polaroid-gallery-item showcaption\"><span class=\"polaroid-gallery-image\" title=\"\" style=\"background-image: url(http:\/\/www.segunda-feira.de\/wp-content\/uploads\/2015\/09\/Flipflop-140x140.jpg); width: 140px; height: 140px;\"><\/span><\/a>\n\t\t\t<a href=\"http:\/\/www.segunda-feira.de\/wp-content\/uploads\/2015\/09\/Gleichschritt-1024x682.jpg\" title=\"Gleichschritt\" rel=\"polaroid_800958067\" class=\"polaroid-gallery-item showcaption\"><span class=\"polaroid-gallery-image\" title=\"\" style=\"background-image: url(http:\/\/www.segunda-feira.de\/wp-content\/uploads\/2015\/09\/Gleichschritt-140x140.jpg); width: 140px; height: 140px;\"><\/span><\/a>\n\t\t\t<br style=\"clear: both;\" \/><\/div>\n\n","protected":false},"excerpt":{"rendered":"<p>Am 07. September 1822 erkl\u00e4rte Pedro I., Sohn des portugiesischen K\u00f6nigs Jo\u00e3o VI., die Unabh\u00e4ngigkeit Brasiliens von Portugal. Das Land feiert dieses Ereignis mit einer allj\u00e4hrlichen Parade seiner Streit- und Zivilkr\u00e4fte. Soldaten, Feuerwehrleute, Polizisten und Sondereinsatzkr\u00e4fte marschieren im Gleichschritt \u00fcber &hellip; <a href=\"http:\/\/www.segunda-feira.de\/?p=874\">Weiterlesen <span class=\"meta-nav\">&rarr;<\/span><\/a><\/p>\n","protected":false},"author":1,"featured_media":0,"comment_status":"open","ping_status":"open","sticky":false,"template":"","format":"standard","meta":{"jetpack_post_was_ever_published":false,"_jetpack_newsletter_access":"","_jetpack_dont_email_post_to_subs":false,"_jetpack_newsletter_tier_id":0,"_jetpack_memberships_contains_paywalled_content":false,"_jetpack_memberships_contains_paid_content":false,"footnotes":"","jetpack_publicize_message":"","jetpack_publicize_feature_enabled":true,"jetpack_social_post_already_shared":true,"jetpack_social_options":{"image_generator_settings":{"template":"highway","default_image_id":0,"font":"","enabled":false},"version":2}},"categories":[1,14],"tags":[],"class_list":["post-874","post","type-post","status-publish","format-standard","hentry","category-allgemein","category-politik"],"jetpack_publicize_connections":[],"jetpack_featured_media_url":"","jetpack_sharing_enabled":true,"jetpack_shortlink":"https:\/\/wp.me\/p64WYd-e6","jetpack_likes_enabled":true,"_links":{"self":[{"href":"http:\/\/www.segunda-feira.de\/index.php?rest_route=\/wp\/v2\/posts\/874","targetHints":{"allow":["GET"]}}],"collection":[{"href":"http:\/\/www.segunda-feira.de\/index.php?rest_route=\/wp\/v2\/posts"}],"about":[{"href":"http:\/\/www.segunda-feira.de\/index.php?rest_route=\/wp\/v2\/types\/post"}],"author":[{"embeddable":true,"href":"http:\/\/www.segunda-feira.de\/index.php?rest_route=\/wp\/v2\/users\/1"}],"replies":[{"embeddable":true,"href":"http:\/\/www.segunda-feira.de\/index.php?rest_route=%2Fwp%2Fv2%2Fcomments&post=874"}],"version-history":[{"count":5,"href":"http:\/\/www.segunda-feira.de\/index.php?rest_route=\/wp\/v2\/posts\/874\/revisions"}],"predecessor-version":[{"id":901,"href":"http:\/\/www.segunda-feira.de\/index.php?rest_route=\/wp\/v2\/posts\/874\/revisions\/901"}],"wp:attachment":[{"href":"http:\/\/www.segunda-feira.de\/index.php?rest_route=%2Fwp%2Fv2%2Fmedia&parent=874"}],"wp:term":[{"taxonomy":"category","embeddable":true,"href":"http:\/\/www.segunda-feira.de\/index.php?rest_route=%2Fwp%2Fv2%2Fcategories&post=874"},{"taxonomy":"post_tag","embeddable":true,"href":"http:\/\/www.segunda-feira.de\/index.php?rest_route=%2Fwp%2Fv2%2Ftags&post=874"}],"curies":[{"name":"wp","href":"https:\/\/api.w.org\/{rel}","templated":true}]}}