{"id":915,"date":"2015-09-19T00:43:33","date_gmt":"2015-09-18T22:43:33","guid":{"rendered":"http:\/\/www.segunda-feira.de\/?p=915"},"modified":"2015-09-19T17:25:50","modified_gmt":"2015-09-19T15:25:50","slug":"nach-ein-paar-tagen-regen","status":"publish","type":"post","link":"http:\/\/www.segunda-feira.de\/?p=915","title":{"rendered":"Nach ein paar Tagen Regen&#8230;"},"content":{"rendered":"<p>&#8230; kam die Trockenheit zur\u00fcck, und mit ihr das Feuer.<\/p>\n<p><a href=\"http:\/\/www.segunda-feira.de\/wp-content\/uploads\/2015\/09\/Der-Berg-brennt.jpg\"><img loading=\"lazy\" decoding=\"async\" class=\"alignnone size-large wp-image-917\" src=\"http:\/\/www.segunda-feira.de\/wp-content\/uploads\/2015\/09\/Der-Berg-brennt-1024x614.jpg\" alt=\"Der Berg brennt\" width=\"584\" height=\"350\" srcset=\"http:\/\/www.segunda-feira.de\/wp-content\/uploads\/2015\/09\/Der-Berg-brennt.jpg 1024w, http:\/\/www.segunda-feira.de\/wp-content\/uploads\/2015\/09\/Der-Berg-brennt-300x180.jpg 300w, http:\/\/www.segunda-feira.de\/wp-content\/uploads\/2015\/09\/Der-Berg-brennt-500x300.jpg 500w\" sizes=\"auto, (max-width: 584px) 100vw, 584px\" \/><\/a><\/p>\n<p>W\u00e4hrend ich hier sitze und schreibe, ist die Feuerwehr noch im Gro\u00dfeinsatz, denn auf dem H\u00fcgel liegt ein Condom\u00ednio.<\/p>\n","protected":false},"excerpt":{"rendered":"<p>&#8230; kam die Trockenheit zur\u00fcck, und mit ihr das Feuer. W\u00e4hrend ich hier sitze und schreibe, ist die Feuerwehr noch im Gro\u00dfeinsatz, denn auf dem H\u00fcgel liegt ein Condom\u00ednio.<\/p>\n","protected":false},"author":1,"featured_media":0,"comment_status":"open","ping_status":"open","sticky":false,"template":"","format":"standard","meta":{"jetpack_post_was_ever_published":false,"_jetpack_newsletter_access":"","_jetpack_dont_email_post_to_subs":false,"_jetpack_newsletter_tier_id":0,"_jetpack_memberships_contains_paywalled_content":false,"_jetpack_memberships_contains_paid_content":false,"footnotes":"","jetpack_publicize_message":"","jetpack_publicize_feature_enabled":true,"jetpack_social_post_already_shared":true,"jetpack_social_options":{"image_generator_settings":{"template":"highway","default_image_id":0,"font":"","enabled":false},"version":2}},"categories":[1,15],"tags":[],"class_list":["post-915","post","type-post","status-publish","format-standard","hentry","category-allgemein","category-alltag"],"jetpack_publicize_connections":[],"jetpack_featured_media_url":"","jetpack_sharing_enabled":true,"jetpack_shortlink":"https:\/\/wp.me\/p64WYd-eL","jetpack_likes_enabled":true,"_links":{"self":[{"href":"http:\/\/www.segunda-feira.de\/index.php?rest_route=\/wp\/v2\/posts\/915","targetHints":{"allow":["GET"]}}],"collection":[{"href":"http:\/\/www.segunda-feira.de\/index.php?rest_route=\/wp\/v2\/posts"}],"about":[{"href":"http:\/\/www.segunda-feira.de\/index.php?rest_route=\/wp\/v2\/types\/post"}],"author":[{"embeddable":true,"href":"http:\/\/www.segunda-feira.de\/index.php?rest_route=\/wp\/v2\/users\/1"}],"replies":[{"embeddable":true,"href":"http:\/\/www.segunda-feira.de\/index.php?rest_route=%2Fwp%2Fv2%2Fcomments&post=915"}],"version-history":[{"count":3,"href":"http:\/\/www.segunda-feira.de\/index.php?rest_route=\/wp\/v2\/posts\/915\/revisions"}],"predecessor-version":[{"id":920,"href":"http:\/\/www.segunda-feira.de\/index.php?rest_route=\/wp\/v2\/posts\/915\/revisions\/920"}],"wp:attachment":[{"href":"http:\/\/www.segunda-feira.de\/index.php?rest_route=%2Fwp%2Fv2%2Fmedia&parent=915"}],"wp:term":[{"taxonomy":"category","embeddable":true,"href":"http:\/\/www.segunda-feira.de\/index.php?rest_route=%2Fwp%2Fv2%2Fcategories&post=915"},{"taxonomy":"post_tag","embeddable":true,"href":"http:\/\/www.segunda-feira.de\/index.php?rest_route=%2Fwp%2Fv2%2Ftags&post=915"}],"curies":[{"name":"wp","href":"https:\/\/api.w.org\/{rel}","templated":true}]}}