{"id":946,"date":"2015-09-24T13:32:39","date_gmt":"2015-09-24T11:32:39","guid":{"rendered":"http:\/\/www.segunda-feira.de\/?p=946"},"modified":"2015-09-28T01:18:44","modified_gmt":"2015-09-27T23:18:44","slug":"in-der-zweiten-nacht-mit-vorgehaltener-knarre-geweckt-worden","status":"publish","type":"post","link":"http:\/\/www.segunda-feira.de\/?p=946","title":{"rendered":"In der zweiten Nacht mit vorgehaltener Knarre geweckt worden"},"content":{"rendered":"<p>Als ich mir ersch\u00f6pft den Standplatz neben einem kleinen, improvisierten Fu\u00dfballfeld unweit von drei kleinen H\u00e4usern, vor denen man mehrere Kinder spielen sehen konnte, aussuchte, dachte ich eigentlich, ich h\u00e4tte ein ruhiges Pl\u00e4tzchen f\u00fcr die Nacht gefunden. Doch ich hatte mich get\u00e4uscht.<\/p>\n<p>Aber der Reihe nach (Sch\u00f6nes retardierendes Element, nicht wahr? Jetzt muss man quasi weiterlesen.). Tags\u00fcber war ich gut vorangekommen. Ich legte in einem Zeitraum von zehn Stunden mit einigen Pausen ungef\u00e4hr 650 Kilometer Strecke zur\u00fcck. Dabei bin ich weiterhin nur maximal 85 km\/h gefahren. Der Verbrauch liegt bei der zweiten Messung sogar bei nur 10 Litern. In einem Ort namens \u201eBarreiras\u201c bog ich von der BR-020, die weiter Richtung Osten nach Salvador f\u00fchrte, ab auf die BR-135 Richtung Norden. Der Verkehr wurde schlagartig geringer und die Stra\u00dfen enger und rumpeliger. Allerdings konnte ich meine mir gesetzte H\u00f6chstgeschwindigkeit weiter beibehalten.<\/p>\n<p>Ab 17.00 Uhr suchte ich einen Standplatz f\u00fcr die Nacht, da es ab 18.00 Uhr innerhalb von einer halben Stunde dunkel wird, und dann eine Suche nicht mehr m\u00f6glich ist. Ich war jedoch in eine Gegend geraten, in der sich eine kleine Ortschaft nach der anderen reihte. Jeder kleine Feldweg f\u00fchrte zu einer kleinen Fazenda. Ich entschied mich dann f\u00fcr diesen improvisierten Fu\u00dfballplatz und wartete ersch\u00f6pft die Dunkelheit ab.<\/p>\n<div class='polaroid-gallery galleryid-946' style='width:auto;'>\n\t\t\t<a href=\"http:\/\/www.segunda-feira.de\/wp-content\/uploads\/2015\/09\/Fu\u00dfball-f\u00fcr-Kleine-1024x614.jpg\" title=\"Fu\u00dfball f\u00fcr Kleine\" rel=\"polaroid_578904556\" class=\"polaroid-gallery-item showcaption\"><span class=\"polaroid-gallery-image\" title=\"\" style=\"background-image: url(http:\/\/www.segunda-feira.de\/wp-content\/uploads\/2015\/09\/Fu\u00dfball-f\u00fcr-Kleine-140x140.jpg); width: 140px; height: 140px;\"><\/span><\/a>\n\t\t\t<a href=\"http:\/\/www.segunda-feira.de\/wp-content\/uploads\/2015\/09\/Doofer-Standplatz-1024x614.jpg\" title=\"Doofer Standplatz\" rel=\"polaroid_578904556\" class=\"polaroid-gallery-item showcaption\"><span class=\"polaroid-gallery-image\" title=\"\" style=\"background-image: url(http:\/\/www.segunda-feira.de\/wp-content\/uploads\/2015\/09\/Doofer-Standplatz-140x140.jpg); width: 140px; height: 140px;\"><\/span><\/a>\n\t\t\t<br style=\"clear: both;\" \/><\/div>\n\n<p>Kurz vor Licht aus fuhr ein Wagen mit einer Familie an mir vorbei, parkte in geb\u00fchrenden Abstand und fuhr dann wieder in der Dunkelheit weg. Sie k\u00fcmmerten sich offenbar um ein Grundst\u00fcck, das hinter einem Zaun lag. Ich \u00fcberlegte, ob ich auf sie zugehen sollte, um zu fragen, ob es ein Problem darstellte, hier zu \u00fcbernachten. Ich wollte jedoch nicht zu offensiv wirken und entschied mich anders. Nachdem die Familie gegen 18.30 Uhr weggefahren war, a\u00df ich zu Abend und legte mich hin. Es war unglaublich hei\u00df. Doch da es keine M\u00fccken gab, konnte ich alle Fenster offen lassen.<\/p>\n<p>Ungef\u00e4hr um 23.00 Uhr fuhr dann ein Gel\u00e4ndewagen vor und blieb mit aufgeblendetem Fernlicht vor meinem Auto stehen. Ich war sofort wach. Von mehreren lauten Stimmen wurde ich aufgefordert, mein Auto zu verlassen. Ich krabbelte aus dem Wagen und sah undeutlich drei M\u00e4nner hinter dem grellen Scheinwerferlicht stehen, die ihre Waffen \u2013 zwei Pistolen und ein Gewehr \u2013 auf mich gerichtet hielten. Doch entgegen meiner ersten Phantasie, dass ich gerade Opfer eines \u00dcberfalls werde, vor dem mich alle gewarnt hatten, standen dort drei Soldaten vor mir. Man muss dazu wissen, dass in Brasilien das Milit\u00e4r den Polizeidienst verrichtet. Ein \u00dcberbleibsel aus der Milit\u00e4rdiktatur von 1964 bis 1983.<\/p>\n<p>So stand ich also in Unterhose vor den drei Bewaffneten und hob instinktiv meine H\u00e4nde. Trotzdem br\u00fcllten sich mich weiter an. Ich verstand sie nicht richtig und stammelte auf Portugiesisch, dass ich Deutscher sei und ihre Sprache nicht so gut sprechen k\u00f6nne. Da beruhigten sie sich, inspizierten den Wagen von au\u00dfen und wurden freundlicher. Ich zeigte meine Identit\u00e4tskarte und meinen Pass vor und erkl\u00e4rte, dass ich auf dem Weg nach Fortaleza sei. Sie sagten, dass ich an diesem Ort nicht \u00fcbernachten k\u00f6nne, da es viel zu gef\u00e4hrlich sei. Damit hatten sie Recht, da ich noch nie so ernsthaft in meinem Leben mit mehreren Waffen bedroht worden bin. Sie sagten, ich solle an der n\u00e4chsten Tankstelle \u00fcbernachten, und warteten, bis ich alles eingepackt hatte. Dabei begutachtete der Anf\u00fchrer der Soldaten nicht ohne leichten Respekt den Innenausbau meines Wagens. Nachdem ich fertig war, fuhren sie bis zu n\u00e4chsten Tankstelle hinter mir her, um sich zu versichern, dass ich ihren Anordnungen auch Folge leistete.<\/p>\n<p>An der Tankstelle war es laut, dreckig und voller M\u00fccken. Au\u00dferdem f\u00fchlte ich mich wie auf dem Pr\u00e4sentierteller. Wenn ich Reisende ausrauben wollte, w\u00fcrde ich mein Gl\u00fcck genau hier versuchen und nicht improvisierte Fu\u00dfballfelder zwei Kilometer abseits von der Stra\u00dfe in einer Sackgasse abklappern. Immerhin standen auch noch ein paar Lastkraftwagen in der N\u00e4he.<\/p>\n<p>Ich schlief schlecht, und wurde wach, als die ersten LKWs um 06.00 Uhr den Platz verlie\u00dfen. Ich konnte mich nicht \u00fcberwinden, mich auf der total versifften Tankstellentoilette zu entleeren. Unter der Attacke der um mich herum wimmelnden M\u00fccken packte ich schnell zusammen und fuhr los, um einen Platz f\u00fcr die Morgentoilette zu finden.<\/p>\n<p>Gegen 10.00 Uhr hatte ich dann keine Lust mehr auf die Hauptstra\u00dfe. Egal, wo man in einen Feldweg abbog, gelangte man an eine Fazenda. Ich bog hinter einem Ort namens \u201eBom Jesus\u201c (Guter Jesus) auf eine Nebenstrecke ab, welche von meinem Navi sogar als Abk\u00fcrzung identifiziert wurde. Nach wenigen Kilometern endete der Asphaltausbau und ich rumpelte mit 40 km\/h \u00fcber Staubstra\u00dfen. Allerdings wurde ich mit einer herrlichen Bergstrecke belohnt. Das Video dazu reiche ich nach, wenn ich mal wieder ausreichend Bandbreite zur Verf\u00fcgung habe. Nachdem ich auch von der Nebenstrecke auf einen tiefsandigen, einspurigen Weg abgebogen war, den man nur mit Allrad befahren konnte, fand ich den wohl sch\u00f6nsten potentiellen Standplatz in der ganzen Gegend.<\/p>\n<div class='polaroid-gallery galleryid-946' style='width:auto;'>\n\t\t\t<a href=\"http:\/\/www.segunda-feira.de\/wp-content\/uploads\/2015\/09\/Menschenleer-1024x614.jpg\" title=\"Menschenleer\" rel=\"polaroid_960084656\" class=\"polaroid-gallery-item showcaption\"><span class=\"polaroid-gallery-image\" title=\"\" style=\"background-image: url(http:\/\/www.segunda-feira.de\/wp-content\/uploads\/2015\/09\/Menschenleer-140x140.jpg); width: 140px; height: 140px;\"><\/span><\/a>\n\t\t\t<a href=\"http:\/\/www.segunda-feira.de\/wp-content\/uploads\/2015\/09\/Platz-mit-Aussicht-1024x614.jpg\" title=\"Platz mit Aussicht\" rel=\"polaroid_960084656\" class=\"polaroid-gallery-item showcaption\"><span class=\"polaroid-gallery-image\" title=\"\" style=\"background-image: url(http:\/\/www.segunda-feira.de\/wp-content\/uploads\/2015\/09\/Platz-mit-Aussicht-140x140.jpg); width: 140px; height: 140px;\"><\/span><\/a>\n\t\t\t<a href=\"http:\/\/www.segunda-feira.de\/wp-content\/uploads\/2015\/09\/Sch\u00f6nster-Standplatz-1024x614.jpg\" title=\"Sch\u00f6nster Standplatz\" rel=\"polaroid_960084656\" class=\"polaroid-gallery-item showcaption\"><span class=\"polaroid-gallery-image\" title=\"\" style=\"background-image: url(http:\/\/www.segunda-feira.de\/wp-content\/uploads\/2015\/09\/Sch\u00f6nster-Standplatz-140x140.jpg); width: 140px; height: 140px;\"><\/span><\/a>\n\t\t\t<br style=\"clear: both;\" \/><\/div>\n\n<p>Hier sitze ich nun und genie\u00dfe den k\u00fchlen Wind und die Aussicht. Den Platz merke ich mir f\u00fcr den R\u00fcckweg. F\u00fcr eine \u00dcbernachtung ist es heute noch zu fr\u00fch.<\/p>\n","protected":false},"excerpt":{"rendered":"<p>Als ich mir ersch\u00f6pft den Standplatz neben einem kleinen, improvisierten Fu\u00dfballfeld unweit von drei kleinen H\u00e4usern, vor denen man mehrere Kinder spielen sehen konnte, aussuchte, dachte ich eigentlich, ich h\u00e4tte ein ruhiges Pl\u00e4tzchen f\u00fcr die Nacht gefunden. Doch ich hatte &hellip; <a href=\"http:\/\/www.segunda-feira.de\/?p=946\">Weiterlesen <span class=\"meta-nav\">&rarr;<\/span><\/a><\/p>\n","protected":false},"author":1,"featured_media":0,"comment_status":"open","ping_status":"open","sticky":false,"template":"","format":"standard","meta":{"jetpack_post_was_ever_published":false,"_jetpack_newsletter_access":"","_jetpack_dont_email_post_to_subs":false,"_jetpack_newsletter_tier_id":0,"_jetpack_memberships_contains_paywalled_content":false,"_jetpack_memberships_contains_paid_content":false,"footnotes":"","jetpack_publicize_message":"","jetpack_publicize_feature_enabled":true,"jetpack_social_post_already_shared":true,"jetpack_social_options":{"image_generator_settings":{"template":"highway","default_image_id":0,"font":"","enabled":false},"version":2}},"categories":[1,9],"tags":[],"class_list":["post-946","post","type-post","status-publish","format-standard","hentry","category-allgemein","category-reise-entdeckungen"],"jetpack_publicize_connections":[],"jetpack_featured_media_url":"","jetpack_sharing_enabled":true,"jetpack_shortlink":"https:\/\/wp.me\/p64WYd-fg","jetpack_likes_enabled":true,"_links":{"self":[{"href":"http:\/\/www.segunda-feira.de\/index.php?rest_route=\/wp\/v2\/posts\/946","targetHints":{"allow":["GET"]}}],"collection":[{"href":"http:\/\/www.segunda-feira.de\/index.php?rest_route=\/wp\/v2\/posts"}],"about":[{"href":"http:\/\/www.segunda-feira.de\/index.php?rest_route=\/wp\/v2\/types\/post"}],"author":[{"embeddable":true,"href":"http:\/\/www.segunda-feira.de\/index.php?rest_route=\/wp\/v2\/users\/1"}],"replies":[{"embeddable":true,"href":"http:\/\/www.segunda-feira.de\/index.php?rest_route=%2Fwp%2Fv2%2Fcomments&post=946"}],"version-history":[{"count":3,"href":"http:\/\/www.segunda-feira.de\/index.php?rest_route=\/wp\/v2\/posts\/946\/revisions"}],"predecessor-version":[{"id":979,"href":"http:\/\/www.segunda-feira.de\/index.php?rest_route=\/wp\/v2\/posts\/946\/revisions\/979"}],"wp:attachment":[{"href":"http:\/\/www.segunda-feira.de\/index.php?rest_route=%2Fwp%2Fv2%2Fmedia&parent=946"}],"wp:term":[{"taxonomy":"category","embeddable":true,"href":"http:\/\/www.segunda-feira.de\/index.php?rest_route=%2Fwp%2Fv2%2Fcategories&post=946"},{"taxonomy":"post_tag","embeddable":true,"href":"http:\/\/www.segunda-feira.de\/index.php?rest_route=%2Fwp%2Fv2%2Ftags&post=946"}],"curies":[{"name":"wp","href":"https:\/\/api.w.org\/{rel}","templated":true}]}}