{"id":960,"date":"2015-09-25T15:25:40","date_gmt":"2015-09-25T13:25:40","guid":{"rendered":"http:\/\/www.segunda-feira.de\/?p=960"},"modified":"2015-09-25T15:25:40","modified_gmt":"2015-09-25T13:25:40","slug":"den-ganzen-tag-geradeaus","status":"publish","type":"post","link":"http:\/\/www.segunda-feira.de\/?p=960","title":{"rendered":"Den ganzen Tag geradeaus"},"content":{"rendered":"<p>Von Aachen nach Berlin sind es 650 Kilometer. Dann hat man Deutschland einmal fast komplett von West nach Ost durchfahren. Ich bin gestern knapp 700 Kilometer in elf Stunden gefahren und bin noch immer nicht am Ziel. Es sind noch etwas unter 300 Kilometer bis zur K\u00fcste. Ich bekomme gerade einen Begriff davon, wie riesig dieses Land ist. Ich bin froh, dass ich die Strecke zur\u00fcck nicht alleine zur\u00fccklegen muss.<\/p>\n<p>Gegen Abend suchte ich wie immer kurz vor Sonnenuntergang rechts und links der Stra\u00dfe nach einem Standplatz. Ich war einmal wieder in einer etwas mehr besiedelten Gegend. \u00dcberall, wo ich abfuhr, waren Fazendas. Zudem war ich auf unter 100 H\u00f6henmeter angekommen, und es war unglaublich hei\u00df. Die Aussicht auf eine weitere verschwitzte Nacht lie\u00df mich nicht gerade in Jubel ausbrechen. Da sah ich am Horizont eine breite H\u00fcgelkette, die offenbar genau meinen Weg kreuzte. Ich gab noch einmal Gas, und tats\u00e4chlich: Es ging bergauf. Auf 650 H\u00f6henmetern schlich ich mich auf die Gro\u00dfbaustelle eines Windradparks, die just als ich ankam von den Bauarbeitern verlassen wurde.<\/p>\n<div class='polaroid-gallery galleryid-960' style='width:auto;'>\n\t\t\t<a href=\"http:\/\/www.segunda-feira.de\/wp-content\/uploads\/2015\/09\/Baustellenbegutachtung-1024x614.jpg\" title=\"Baustellenbegutachtung\" rel=\"polaroid_1569349054\" class=\"polaroid-gallery-item showcaption\"><span class=\"polaroid-gallery-image\" title=\"\" style=\"background-image: url(http:\/\/www.segunda-feira.de\/wp-content\/uploads\/2015\/09\/Baustellenbegutachtung-140x140.jpg); width: 140px; height: 140px;\"><\/span><\/a>\n\t\t\t<a href=\"http:\/\/www.segunda-feira.de\/wp-content\/uploads\/2015\/09\/Tarnwagen-1024x614.jpg\" title=\"Tarnwagen\" rel=\"polaroid_1569349054\" class=\"polaroid-gallery-item showcaption\"><span class=\"polaroid-gallery-image\" title=\"\" style=\"background-image: url(http:\/\/www.segunda-feira.de\/wp-content\/uploads\/2015\/09\/Tarnwagen-140x140.jpg); width: 140px; height: 140px;\"><\/span><\/a>\n\t\t\t<a href=\"http:\/\/www.segunda-feira.de\/wp-content\/uploads\/2015\/09\/Das-Morgengrauen-1024x614.jpg\" title=\"Das Morgengrauen\" rel=\"polaroid_1569349054\" class=\"polaroid-gallery-item showcaption\"><span class=\"polaroid-gallery-image\" title=\"\" style=\"background-image: url(http:\/\/www.segunda-feira.de\/wp-content\/uploads\/2015\/09\/Das-Morgengrauen-140x140.jpg); width: 140px; height: 140px;\"><\/span><\/a>\n\t\t\t<br style=\"clear: both;\" \/><\/div>\n\n<p>Die Nacht war angenehm k\u00fchl. Gegen Morgen musste ich sogar die dicke Decke nutzen. Noch vor Sonnenaufgang wurde ich wach und packte zusammen, um nicht von den Arbeitern \u00fcberrascht zu werden. Als ich starten wollte, war die Batterie platt. Ich ahnte so etwas bereits am Vortag, da ich Schwefel gerochen hatte und die Batterie kochte. Gut, dass der erfahrene Autoreisende immer zwei Batterien dabei hat. Schnell noch die Ladespannung gemessen: 14,5 Volt, auch bei h\u00f6heren Drehzahlen. Also, der Laderegler ist in Ordnung.<\/p>\n<p>Jetzt bin ich ca. 30 Kilometer vom Meer entfernt. Gerade eben habe ich in einer Stadt namens Granja getankt und eine neue Batterie gekauft. Wenn alles gut geht, liege ich in zwei Stunden am Strand.<\/p>\n","protected":false},"excerpt":{"rendered":"<p>Von Aachen nach Berlin sind es 650 Kilometer. Dann hat man Deutschland einmal fast komplett von West nach Ost durchfahren. Ich bin gestern knapp 700 Kilometer in elf Stunden gefahren und bin noch immer nicht am Ziel. Es sind noch &hellip; <a href=\"http:\/\/www.segunda-feira.de\/?p=960\">Weiterlesen <span class=\"meta-nav\">&rarr;<\/span><\/a><\/p>\n","protected":false},"author":1,"featured_media":0,"comment_status":"open","ping_status":"open","sticky":false,"template":"","format":"standard","meta":{"jetpack_post_was_ever_published":false,"_jetpack_newsletter_access":"","_jetpack_dont_email_post_to_subs":false,"_jetpack_newsletter_tier_id":0,"_jetpack_memberships_contains_paywalled_content":false,"_jetpack_memberships_contains_paid_content":false,"footnotes":"","jetpack_publicize_message":"","jetpack_publicize_feature_enabled":true,"jetpack_social_post_already_shared":true,"jetpack_social_options":{"image_generator_settings":{"template":"highway","default_image_id":0,"font":"","enabled":false},"version":2}},"categories":[1,9],"tags":[],"class_list":["post-960","post","type-post","status-publish","format-standard","hentry","category-allgemein","category-reise-entdeckungen"],"jetpack_publicize_connections":[],"jetpack_featured_media_url":"","jetpack_sharing_enabled":true,"jetpack_shortlink":"https:\/\/wp.me\/p64WYd-fu","jetpack_likes_enabled":true,"_links":{"self":[{"href":"http:\/\/www.segunda-feira.de\/index.php?rest_route=\/wp\/v2\/posts\/960","targetHints":{"allow":["GET"]}}],"collection":[{"href":"http:\/\/www.segunda-feira.de\/index.php?rest_route=\/wp\/v2\/posts"}],"about":[{"href":"http:\/\/www.segunda-feira.de\/index.php?rest_route=\/wp\/v2\/types\/post"}],"author":[{"embeddable":true,"href":"http:\/\/www.segunda-feira.de\/index.php?rest_route=\/wp\/v2\/users\/1"}],"replies":[{"embeddable":true,"href":"http:\/\/www.segunda-feira.de\/index.php?rest_route=%2Fwp%2Fv2%2Fcomments&post=960"}],"version-history":[{"count":1,"href":"http:\/\/www.segunda-feira.de\/index.php?rest_route=\/wp\/v2\/posts\/960\/revisions"}],"predecessor-version":[{"id":964,"href":"http:\/\/www.segunda-feira.de\/index.php?rest_route=\/wp\/v2\/posts\/960\/revisions\/964"}],"wp:attachment":[{"href":"http:\/\/www.segunda-feira.de\/index.php?rest_route=%2Fwp%2Fv2%2Fmedia&parent=960"}],"wp:term":[{"taxonomy":"category","embeddable":true,"href":"http:\/\/www.segunda-feira.de\/index.php?rest_route=%2Fwp%2Fv2%2Fcategories&post=960"},{"taxonomy":"post_tag","embeddable":true,"href":"http:\/\/www.segunda-feira.de\/index.php?rest_route=%2Fwp%2Fv2%2Ftags&post=960"}],"curies":[{"name":"wp","href":"https:\/\/api.w.org\/{rel}","templated":true}]}}