{"id":980,"date":"2015-09-28T17:20:09","date_gmt":"2015-09-28T15:20:09","guid":{"rendered":"http:\/\/www.segunda-feira.de\/?p=980"},"modified":"2015-09-28T17:20:09","modified_gmt":"2015-09-28T15:20:09","slug":"warten-am-flughafen-von-fortaleza","status":"publish","type":"post","link":"http:\/\/www.segunda-feira.de\/?p=980","title":{"rendered":"Warten am Flughafen von Fortaleza"},"content":{"rendered":"<p>Am Sonntag bin ich ungef\u00e4hr 100 der restlichen 300 Kilometer Richtung Fortaleza gefahren. Dabei habe ich festgestellt, dass die Klimaanlage kaputt ist. So ein Mist! Auf der Fahrt Richtung Norden hatte sich der Kollaps des k\u00fchlenden Aggregats bereits durch laute Lagerger\u00e4usche angek\u00fcndigt. Jetzt fahren der Hund und ich mit offenem Fenster. Das ist laut und windig, und mein linker Arm wird von der Sonne verbrannt. Ich konnte Sylvia erreichen und sie bitten, \u00fcber das Internet einen Klimaanlagenspezialisten in Fortaleza zu suchen. Sie hat zwei gefunden. Hoffentlich l\u00e4sst sich das Problem schnell beheben.<\/p>\n<p>Mein Standplatz f\u00fcr die Nacht lag auf einer gro\u00dfen D\u00fcne hinter einem Windpark. So ein Windpark macht ganz sch\u00f6n viel Wind. Der Hund und ich kauerten uns in den Windschatten hinter dem Wagen.<\/p>\n<div class='polaroid-gallery galleryid-980' style='width:auto;'>\n\t\t\t<a href=\"http:\/\/www.segunda-feira.de\/wp-content\/uploads\/2015\/09\/Rassig-geparkt-1024x614.jpg\" title=\"Rassig geparkt\" rel=\"polaroid_1843331960\" class=\"polaroid-gallery-item showcaption\"><span class=\"polaroid-gallery-image\" title=\"\" style=\"background-image: url(http:\/\/www.segunda-feira.de\/wp-content\/uploads\/2015\/09\/Rassig-geparkt-140x140.jpg); width: 140px; height: 140px;\"><\/span><\/a>\n\t\t\t<a href=\"http:\/\/www.segunda-feira.de\/wp-content\/uploads\/2015\/09\/Da-unten-f\u00e4hrt-eine-F\u00e4hre-1024x614.jpg\" title=\"Da unten f\u00e4hrt eine F\u00e4hre\" rel=\"polaroid_1843331960\" class=\"polaroid-gallery-item showcaption\"><span class=\"polaroid-gallery-image\" title=\"\" style=\"background-image: url(http:\/\/www.segunda-feira.de\/wp-content\/uploads\/2015\/09\/Da-unten-f\u00e4hrt-eine-F\u00e4hre-140x140.jpg); width: 140px; height: 140px;\"><\/span><\/a>\n\t\t\t<a href=\"http:\/\/www.segunda-feira.de\/wp-content\/uploads\/2015\/09\/Diesel-gegen-Windkraft-1024x614.jpg\" title=\"Diesel gegen Windkraft\" rel=\"polaroid_1843331960\" class=\"polaroid-gallery-item showcaption\"><span class=\"polaroid-gallery-image\" title=\"\" style=\"background-image: url(http:\/\/www.segunda-feira.de\/wp-content\/uploads\/2015\/09\/Diesel-gegen-Windkraft-140x140.jpg); width: 140px; height: 140px;\"><\/span><\/a>\n\t\t\t<br style=\"clear: both;\" \/><\/div>\n\n<p>Da ich Empfang mit meinem Mobiltelefon hatte, konnte ich ein wenig mit Oliver in Deutschland \u00fcber Whatsapp chatten. Die Welt ist doch unglaublich zusammenger\u00fcckt, oder? Als ich vor 20 Jahren in Australien war, hat man noch mit Briefen kommuniziert. Telefonieren war ein Heidenakt. Man musste eine \u00f6ffentliche Telefonzelle finden und eine ganze Menge M\u00fcnzen dabeihaben, um ein paar Minuten mit der Heimat zu plaudern.<\/p>\n<p>Mitten in der Nacht bin ich dann wach geworden, weil irgendetwas komisch war. Trotz Vollmond war es stockdunkel. Dann erinnerte ich mich daran, dass Sylvia mir erz\u00e4hlt hatte, dass es eine Mondfinsternis geben sollte. Erst konnte ich mich nicht \u00fcberwinden, mein Bettchen zu verlassen. Als ich dann doch raus musste zum Pinkeln, sah ich noch, wie der Mond halb vom Erdschatten bedeckt war. Ich fragte mich, wie die Menschen fr\u00fcher dieses Ph\u00e4nomen erkl\u00e4rt hatten, als man noch daran glaubte, dass die Sonne sich um die Erde dreht.<\/p>\n<p>Am Morgen genoss ich noch den k\u00fchlen Wind und den halb bedeckten Himmel. Im Land des Mangelschattens freut man sich \u00fcber jedes bisschen Schutz vor der Sonne. Ich starrte mindestens ein Stunde einfach nur auf die sch\u00f6ne und abwechslungsreiche Landschaft. So etwas mache ich sonst nicht. Normalerweise besch\u00e4ftige ich mich immer mit irgendetwas.<\/p>\n<p>Jetzt stehe ich vor dem Flughafen in Fortaleza und warte auf die Ankunft von Sylvia gegen 13.30 Uhr. Heute Abend kommen dann Beatrix und Andreas an. Ob denen klar ist, in was f\u00fcr anspruchsvolle zwei Wochen sie eingecheckt haben?<\/p>\n","protected":false},"excerpt":{"rendered":"<p>Am Sonntag bin ich ungef\u00e4hr 100 der restlichen 300 Kilometer Richtung Fortaleza gefahren. Dabei habe ich festgestellt, dass die Klimaanlage kaputt ist. So ein Mist! Auf der Fahrt Richtung Norden hatte sich der Kollaps des k\u00fchlenden Aggregats bereits durch laute &hellip; <a href=\"http:\/\/www.segunda-feira.de\/?p=980\">Weiterlesen <span class=\"meta-nav\">&rarr;<\/span><\/a><\/p>\n","protected":false},"author":1,"featured_media":0,"comment_status":"open","ping_status":"open","sticky":false,"template":"","format":"standard","meta":{"jetpack_post_was_ever_published":false,"_jetpack_newsletter_access":"","_jetpack_dont_email_post_to_subs":false,"_jetpack_newsletter_tier_id":0,"_jetpack_memberships_contains_paywalled_content":false,"_jetpack_memberships_contains_paid_content":false,"footnotes":"","jetpack_publicize_message":"","jetpack_publicize_feature_enabled":true,"jetpack_social_post_already_shared":true,"jetpack_social_options":{"image_generator_settings":{"template":"highway","default_image_id":0,"font":"","enabled":false},"version":2}},"categories":[1,9],"tags":[],"class_list":["post-980","post","type-post","status-publish","format-standard","hentry","category-allgemein","category-reise-entdeckungen"],"jetpack_publicize_connections":[],"jetpack_featured_media_url":"","jetpack_sharing_enabled":true,"jetpack_shortlink":"https:\/\/wp.me\/p64WYd-fO","jetpack_likes_enabled":true,"_links":{"self":[{"href":"http:\/\/www.segunda-feira.de\/index.php?rest_route=\/wp\/v2\/posts\/980","targetHints":{"allow":["GET"]}}],"collection":[{"href":"http:\/\/www.segunda-feira.de\/index.php?rest_route=\/wp\/v2\/posts"}],"about":[{"href":"http:\/\/www.segunda-feira.de\/index.php?rest_route=\/wp\/v2\/types\/post"}],"author":[{"embeddable":true,"href":"http:\/\/www.segunda-feira.de\/index.php?rest_route=\/wp\/v2\/users\/1"}],"replies":[{"embeddable":true,"href":"http:\/\/www.segunda-feira.de\/index.php?rest_route=%2Fwp%2Fv2%2Fcomments&post=980"}],"version-history":[{"count":1,"href":"http:\/\/www.segunda-feira.de\/index.php?rest_route=\/wp\/v2\/posts\/980\/revisions"}],"predecessor-version":[{"id":984,"href":"http:\/\/www.segunda-feira.de\/index.php?rest_route=\/wp\/v2\/posts\/980\/revisions\/984"}],"wp:attachment":[{"href":"http:\/\/www.segunda-feira.de\/index.php?rest_route=%2Fwp%2Fv2%2Fmedia&parent=980"}],"wp:term":[{"taxonomy":"category","embeddable":true,"href":"http:\/\/www.segunda-feira.de\/index.php?rest_route=%2Fwp%2Fv2%2Fcategories&post=980"},{"taxonomy":"post_tag","embeddable":true,"href":"http:\/\/www.segunda-feira.de\/index.php?rest_route=%2Fwp%2Fv2%2Ftags&post=980"}],"curies":[{"name":"wp","href":"https:\/\/api.w.org\/{rel}","templated":true}]}}