{"id":989,"date":"2015-09-29T17:34:18","date_gmt":"2015-09-29T15:34:18","guid":{"rendered":"http:\/\/www.segunda-feira.de\/?p=989"},"modified":"2015-09-29T17:34:18","modified_gmt":"2015-09-29T15:34:18","slug":"besuch-aus-alemanha","status":"publish","type":"post","link":"http:\/\/www.segunda-feira.de\/?p=989","title":{"rendered":"Besuch aus Alemanha"},"content":{"rendered":"<p>Nachdem ich gestern Sylvia vom Flughafen abgeholt hatte, wollten wir zun\u00e4chst mit dem Wagen zur Werkstatt, um die Klimaanlage reparieren zu lassen. Auf der Fahrt dahin viel die Kupplung aus. Man konnte das Pedal durchtreten, ohne dass die Kupplung trennte. Wir qu\u00e4lten uns zur n\u00e4chsten Tankstelle. Dort fand ich heraus, dass die Kupplung hydraulisch betrieben wird. Ich entl\u00fcftete das System bestehend aus zwei Druckzylindern und einer Leitung, so dass der Druck zur\u00fcckkam. Sylvia hatte ein Deja-vu unserer Reise nach Zentralasien und tats\u00e4chlich \u00e4hnelten sich die Bilder.<\/p>\n<div class='polaroid-gallery galleryid-989' style='width:auto;'>\n\t\t\t<a href=\"http:\/\/www.segunda-feira.de\/wp-content\/uploads\/2015\/09\/Deja-vu-1024x614.jpg\" title=\"Deja vu\" rel=\"polaroid_1989348429\" class=\"polaroid-gallery-item showcaption\"><span class=\"polaroid-gallery-image\" title=\"\" style=\"background-image: url(http:\/\/www.segunda-feira.de\/wp-content\/uploads\/2015\/09\/Deja-vu-140x140.jpg); width: 140px; height: 140px;\"><\/span><\/a>\n\t\t\t<a href=\"http:\/\/www.segunda-feira.de\/wp-content\/uploads\/2015\/09\/Hydraulik-der-Kupplung-im-Eimer-1024x614.jpg\" title=\"Hydraulik der Kupplung im Eimer\" rel=\"polaroid_1989348429\" class=\"polaroid-gallery-item showcaption\"><span class=\"polaroid-gallery-image\" title=\"\" style=\"background-image: url(http:\/\/www.segunda-feira.de\/wp-content\/uploads\/2015\/09\/Hydraulik-der-Kupplung-im-Eimer-140x140.jpg); width: 140px; height: 140px;\"><\/span><\/a>\n\t\t\t<a href=\"http:\/\/www.segunda-feira.de\/wp-content\/uploads\/2015\/09\/Wenigstens-gibt-es-Ersatzteile-1024x614.jpg\" title=\"Wenigstens gibt es Ersatzteile\" rel=\"polaroid_1989348429\" class=\"polaroid-gallery-item showcaption\"><span class=\"polaroid-gallery-image\" title=\"\" style=\"background-image: url(http:\/\/www.segunda-feira.de\/wp-content\/uploads\/2015\/09\/Wenigstens-gibt-es-Ersatzteile-140x140.jpg); width: 140px; height: 140px;\"><\/span><\/a>\n\t\t\t<br style=\"clear: both;\" \/><\/div>\n\n<p>Nun steht die Kiste in einer Werkstatt. Dort lassen wir die Druckzylinder ersetzen und die Klimaanlage reparieren. Und wenn der Wagen einmal aufgebockt ist, lassen wir auch noch ein Lenkungsgelenk, dessen Gummikappe einen Riss hat, ersetzen und den Kardan abschmieren. Man sagte uns, dass die Reparaturen in einem Tag erledigt seien. Wir hoffen darauf und haben unseren Aufenthalt im Hotel um einen Tag verl\u00e4ngert.<\/p>\n<p>Gegen Abend trudelten dann Beatrix und Andreas, gezeichnet vom Jetlag, ein.<\/p>\n<p><a href=\"http:\/\/www.segunda-feira.de\/wp-content\/uploads\/2015\/09\/Besuch-aus-Alemanha.jpg\"><img loading=\"lazy\" decoding=\"async\" class=\"alignnone size-large wp-image-993\" src=\"http:\/\/www.segunda-feira.de\/wp-content\/uploads\/2015\/09\/Besuch-aus-Alemanha-1024x614.jpg\" alt=\"Besuch aus Alemanha\" width=\"584\" height=\"350\" srcset=\"http:\/\/www.segunda-feira.de\/wp-content\/uploads\/2015\/09\/Besuch-aus-Alemanha.jpg 1024w, http:\/\/www.segunda-feira.de\/wp-content\/uploads\/2015\/09\/Besuch-aus-Alemanha-300x180.jpg 300w, http:\/\/www.segunda-feira.de\/wp-content\/uploads\/2015\/09\/Besuch-aus-Alemanha-500x300.jpg 500w\" sizes=\"auto, (max-width: 584px) 100vw, 584px\" \/><\/a><\/p>\n<p>Heute ist f\u00fcr mich Ruhetag. Ich liege im klimatisierten Hotelzimmer, w\u00e4hrend Sylvia, Beatrix und Andreas kulturell in Fortaleza unterwegs sind.<\/p>\n<p><a href=\"http:\/\/www.segunda-feira.de\/wp-content\/uploads\/2015\/09\/Ruhetag-im-Hotel.jpg\"><img loading=\"lazy\" decoding=\"async\" class=\"alignnone size-large wp-image-994\" src=\"http:\/\/www.segunda-feira.de\/wp-content\/uploads\/2015\/09\/Ruhetag-im-Hotel-1024x614.jpg\" alt=\"Ruhetag im Hotel\" width=\"584\" height=\"350\" srcset=\"http:\/\/www.segunda-feira.de\/wp-content\/uploads\/2015\/09\/Ruhetag-im-Hotel.jpg 1024w, http:\/\/www.segunda-feira.de\/wp-content\/uploads\/2015\/09\/Ruhetag-im-Hotel-300x180.jpg 300w, http:\/\/www.segunda-feira.de\/wp-content\/uploads\/2015\/09\/Ruhetag-im-Hotel-500x300.jpg 500w\" sizes=\"auto, (max-width: 584px) 100vw, 584px\" \/><\/a><\/p>\n","protected":false},"excerpt":{"rendered":"<p>Nachdem ich gestern Sylvia vom Flughafen abgeholt hatte, wollten wir zun\u00e4chst mit dem Wagen zur Werkstatt, um die Klimaanlage reparieren zu lassen. Auf der Fahrt dahin viel die Kupplung aus. Man konnte das Pedal durchtreten, ohne dass die Kupplung trennte. &hellip; <a href=\"http:\/\/www.segunda-feira.de\/?p=989\">Weiterlesen <span class=\"meta-nav\">&rarr;<\/span><\/a><\/p>\n","protected":false},"author":1,"featured_media":0,"comment_status":"open","ping_status":"open","sticky":false,"template":"","format":"standard","meta":{"jetpack_post_was_ever_published":false,"_jetpack_newsletter_access":"","_jetpack_dont_email_post_to_subs":false,"_jetpack_newsletter_tier_id":0,"_jetpack_memberships_contains_paywalled_content":false,"_jetpack_memberships_contains_paid_content":false,"footnotes":"","jetpack_publicize_message":"","jetpack_publicize_feature_enabled":true,"jetpack_social_post_already_shared":true,"jetpack_social_options":{"image_generator_settings":{"template":"highway","default_image_id":0,"font":"","enabled":false},"version":2}},"categories":[1,9],"tags":[],"class_list":["post-989","post","type-post","status-publish","format-standard","hentry","category-allgemein","category-reise-entdeckungen"],"jetpack_publicize_connections":[],"jetpack_featured_media_url":"","jetpack_sharing_enabled":true,"jetpack_shortlink":"https:\/\/wp.me\/p64WYd-fX","jetpack_likes_enabled":true,"_links":{"self":[{"href":"http:\/\/www.segunda-feira.de\/index.php?rest_route=\/wp\/v2\/posts\/989","targetHints":{"allow":["GET"]}}],"collection":[{"href":"http:\/\/www.segunda-feira.de\/index.php?rest_route=\/wp\/v2\/posts"}],"about":[{"href":"http:\/\/www.segunda-feira.de\/index.php?rest_route=\/wp\/v2\/types\/post"}],"author":[{"embeddable":true,"href":"http:\/\/www.segunda-feira.de\/index.php?rest_route=\/wp\/v2\/users\/1"}],"replies":[{"embeddable":true,"href":"http:\/\/www.segunda-feira.de\/index.php?rest_route=%2Fwp%2Fv2%2Fcomments&post=989"}],"version-history":[{"count":1,"href":"http:\/\/www.segunda-feira.de\/index.php?rest_route=\/wp\/v2\/posts\/989\/revisions"}],"predecessor-version":[{"id":995,"href":"http:\/\/www.segunda-feira.de\/index.php?rest_route=\/wp\/v2\/posts\/989\/revisions\/995"}],"wp:attachment":[{"href":"http:\/\/www.segunda-feira.de\/index.php?rest_route=%2Fwp%2Fv2%2Fmedia&parent=989"}],"wp:term":[{"taxonomy":"category","embeddable":true,"href":"http:\/\/www.segunda-feira.de\/index.php?rest_route=%2Fwp%2Fv2%2Fcategories&post=989"},{"taxonomy":"post_tag","embeddable":true,"href":"http:\/\/www.segunda-feira.de\/index.php?rest_route=%2Fwp%2Fv2%2Ftags&post=989"}],"curies":[{"name":"wp","href":"https:\/\/api.w.org\/{rel}","templated":true}]}}